{"id":17303,"date":"2019-10-15T01:16:36","date_gmt":"2019-10-15T04:16:36","guid":{"rendered":"https:\/\/www.radioamigavallenar.cl\/?p=17303"},"modified":"2019-10-15T01:16:37","modified_gmt":"2019-10-15T04:16:37","slug":"30-jovenes-recibieron-certificacion-de-capital-semilla-joven-emprendedor-de-sercotec","status":"publish","type":"post","link":"https:\/\/www.radioamigavallenar.cl\/?p=17303","title":{"rendered":"30 j\u00f3venes recibieron certificaci\u00f3n de Capital Semilla Joven Emprendedor de Sercotec"},"content":{"rendered":"\n<figure class=\"wp-block-image\"><img loading=\"lazy\" decoding=\"async\" width=\"800\" height=\"600\" src=\"https:\/\/www.radioamigavallenar.cl\/wp-content\/uploads\/2019\/10\/JOVEN-EMPRENDEDOR-1-800x600.jpg\" alt=\"\" class=\"wp-image-17304\" srcset=\"https:\/\/www.radioamigavallenar.cl\/wp-content\/uploads\/2019\/10\/JOVEN-EMPRENDEDOR-1-800x600.jpg 800w, https:\/\/www.radioamigavallenar.cl\/wp-content\/uploads\/2019\/10\/JOVEN-EMPRENDEDOR-1-800x600-300x225.jpg 300w, https:\/\/www.radioamigavallenar.cl\/wp-content\/uploads\/2019\/10\/JOVEN-EMPRENDEDOR-1-800x600-768x576.jpg 768w\" sizes=\"auto, (max-width: 800px) 100vw, 800px\" \/><\/figure>\n\n\n\n<p>Como una manera de fomentar el emprendimiento el Gobierno del Presidente Sebasti\u00e1n Pi\u00f1era por medio de Sercotec, dieron vida al \u201cPrograma Joven Emprendedor\u201d, donde en Atacama se capacit\u00f3 a 30 j\u00f3venes que desde ahora pueden ser parte del mundo del emprendimiento e ingresar al mercado.<\/p>\n\n\n\n<p>\u201cTengo una cafeter\u00eda m\u00f3vil en Caldera y estoy muy contenta el haber recibido este fondo, ya que me permite hacer una inversi\u00f3n en mi emprendimiento y que sea un empuje para seguir creciendo\u201d, dijo Flavia Campusano Flores, due\u00f1a de la cafeter\u00eda M\u00f3vil que usa energ\u00eda fotovoltaica, uso de residuos, entre otros.<\/p>\n\n\n\n<p>Este programa tuvo tres etapas. La primera fue de seminarios, luego una etapa de talleres donde pudieron postular su idea de negocio al fondo concursable que es un tipo de Capital Semilla para j\u00f3venes. Cabe destacar que el programa entrega la formaci\u00f3n y asesoramiento en la creaci\u00f3n del proyecto, financiando hasta 3 millones y medio para concretar la idea de negocio.<\/p>\n\n\n\n<p>\u201cDesde el Gobierno del Presidente Sebasti\u00e1n Pi\u00f1era estamos muy contentos por beneficiar a 30 emprendedores y emprendedoras que han participado del programa joven emprendedor de SERCOTEC, queremos que fruto de su ejemplo podamos incentivar el desarrollo de otros emprendimientos y en especial de aquellos propuestos por j\u00f3venes de nuestra regi\u00f3n, los cuales, lideraran los desaf\u00edos del futuro. Por \u00faltimo, manifestar y reafirmar el compromiso con los j\u00f3venes emprendedores de Atacama, para que sigan contando la mano amiga de nuestro gobierno\u201d, declar\u00f3 el Seremi de Econom\u00eda, Fomento y Turismo, Manuel Nanjar\u00ed Contreras, adem\u00e1s agreg\u00f3 que: \u201c<\/p>\n\n\n\n<p>El objetivo de este proyecto es mejorar la competitividad de la econom\u00eda regional impulsando iniciativas que estimulen masivamente la creaci\u00f3n de nuevos negocios como una opci\u00f3n de desarrollo econ\u00f3mico y social. Ese es uno de los objetivos de Sercotec, el que impulsa iniciativas que estimulen la creaci\u00f3n de nuevos negocios para levantar la econom\u00eda regional.<\/p>\n\n\n\n<p>\u201cSon 30 j\u00f3venes emprendedores, los que han formalizado sus negocios a trav\u00e9s de este fondo de Sercotec,\u201d, manifest\u00f3 la Directora Regional de Sercotec, Natalia Bravo Bassi, que adem\u00e1s puntualiz\u00f3: \u201cestos j\u00f3venes han cre\u00eddo en sus proyectos y han visto en SERCOTEC un socio estrat\u00e9gico para alcanzar sus metas y se han capacitado para concretar sus proyectos de negocio, que ponen a nuestra regi\u00f3n en marcha\u201d.<\/p>\n","protected":false},"excerpt":{"rendered":"<p>Como una manera de fomentar el emprendimiento el Gobierno del Presidente Sebasti\u00e1n Pi\u00f1era por medio de Sercotec, dieron vida al \u201cPrograma Joven Emprendedor\u201d, donde en&hellip; <\/p>\n","protected":false},"author":2,"featured_media":17304,"comment_status":"open","ping_status":"closed","sticky":false,"template":"","format":"standard","meta":{"footnotes":""},"categories":[7],"tags":[],"class_list":["post-17303","post","type-post","status-publish","format-standard","has-post-thumbnail","hentry","category-atacama"],"_links":{"self":[{"href":"https:\/\/www.radioamigavallenar.cl\/index.php?rest_route=\/wp\/v2\/posts\/17303","targetHints":{"allow":["GET"]}}],"collection":[{"href":"https:\/\/www.radioamigavallenar.cl\/index.php?rest_route=\/wp\/v2\/posts"}],"about":[{"href":"https:\/\/www.radioamigavallenar.cl\/index.php?rest_route=\/wp\/v2\/types\/post"}],"author":[{"embeddable":true,"href":"https:\/\/www.radioamigavallenar.cl\/index.php?rest_route=\/wp\/v2\/users\/2"}],"replies":[{"embeddable":true,"href":"https:\/\/www.radioamigavallenar.cl\/index.php?rest_route=%2Fwp%2Fv2%2Fcomments&post=17303"}],"version-history":[{"count":0,"href":"https:\/\/www.radioamigavallenar.cl\/index.php?rest_route=\/wp\/v2\/posts\/17303\/revisions"}],"wp:featuredmedia":[{"embeddable":true,"href":"https:\/\/www.radioamigavallenar.cl\/index.php?rest_route=\/wp\/v2\/media\/17304"}],"wp:attachment":[{"href":"https:\/\/www.radioamigavallenar.cl\/index.php?rest_route=%2Fwp%2Fv2%2Fmedia&parent=17303"}],"wp:term":[{"taxonomy":"category","embeddable":true,"href":"https:\/\/www.radioamigavallenar.cl\/index.php?rest_route=%2Fwp%2Fv2%2Fcategories&post=17303"},{"taxonomy":"post_tag","embeddable":true,"href":"https:\/\/www.radioamigavallenar.cl\/index.php?rest_route=%2Fwp%2Fv2%2Ftags&post=17303"}],"curies":[{"name":"wp","href":"https:\/\/api.w.org\/{rel}","templated":true}]}}