{"id":17300,"date":"2019-10-15T01:13:51","date_gmt":"2019-10-15T04:13:51","guid":{"rendered":"https:\/\/www.radioamigavallenar.cl\/?p=17300"},"modified":"2019-10-15T01:13:52","modified_gmt":"2019-10-15T04:13:52","slug":"un-50-por-ciento-de-los-residuos-que-producen-los-hogares-de-atacama-corresponde-a-residuos-organicos","status":"publish","type":"post","link":"https:\/\/www.radioamigavallenar.cl\/?p=17300","title":{"rendered":"Un 50 por ciento de los residuos que producen los hogares de Atacama corresponde a residuos org\u00e1nicos"},"content":{"rendered":"\n<figure class=\"wp-block-image\"><img loading=\"lazy\" decoding=\"async\" width=\"674\" height=\"444\" src=\"https:\/\/www.radioamigavallenar.cl\/wp-content\/uploads\/2019\/10\/dffdfdfdfdf.jpg\" alt=\"\" class=\"wp-image-17301\" srcset=\"https:\/\/www.radioamigavallenar.cl\/wp-content\/uploads\/2019\/10\/dffdfdfdfdf.jpg 674w, https:\/\/www.radioamigavallenar.cl\/wp-content\/uploads\/2019\/10\/dffdfdfdfdf-300x198.jpg 300w\" sizes=\"auto, (max-width: 674px) 100vw, 674px\" \/><\/figure>\n\n\n\n<p><strong>Ministerio del Medio Ambiente realiza Taller Participativo para la elaboraci\u00f3n de una Estrategia Nacional de Residuos Org\u00e1nicos<\/strong><\/p>\n\n\n\n<p>A trav\u00e9s de 11 talleres a lo largo del pa\u00eds, el Ministerio del Medio Ambiente realiza un proceso participativo para recoger las opiniones de representantes de instituciones p\u00fablicas, empresas privadas, academia, ONGs y sociedad civil, respecto a la valorizaci\u00f3n de residuos org\u00e1nicos a nivel municipal.<\/p>\n\n\n\n<p>En el caso de Atacama, el Sal\u00f3n Audit\u00f3rium de la C\u00e1mara Chilena de la Construcci\u00f3n en Copiap\u00f3, fue el lugar escogido para realizar el Taller Participativo para la Elaboraci\u00f3n de una \u201cEstrategia Nacional de Residuos Org\u00e1nicos\u201d. La actividad fue encabezada por el Seremi del Medio Ambiente Atacama, Guillermo Ready y su objetivo fue entregar informaci\u00f3n y recoger las opiniones de actores clave respecto a la valorizaci\u00f3n de residuos org\u00e1nicos, identificando las particularidades de las diferentes comunas de la regi\u00f3n, las barreras existentes y sus posibles soluciones, para contribuir con esta informaci\u00f3n a la elaboraci\u00f3n de la Estrategia Nacional de Residuos Org\u00e1nicos.<\/p>\n\n\n\n<p>El Seremi del Medio Ambiente, Guillermo Ready dio la bienvenida a los asistentes, destacando que \u201ceste proceso participativo es una instancia clave para alcanzar consensos en torno a una visi\u00f3n com\u00fan, compartida y aceptada, sobre c\u00f3mo debiesen manejarse los Residuos Org\u00e1nicos en la Regi\u00f3n de Atacama. Estamos realizando este taller porque confiamos en que cada uno de los asistentes aportar\u00e1 valiosa informaci\u00f3n y puntos de vista basados en experiencias de sus diversos rubros y realidad territorial\u201d.<\/p>\n\n\n\n<p>Pablo Fernandois, Jefe (S) de la Oficina de Econom\u00eda Circular del Ministerio de Medio Ambiente, indic\u00f3 que \u201cla elaboraci\u00f3n de la Estrategia Nacional de Residuos Org\u00e1nicos, es una iniciativa liderada por el Ministerio del Medio Ambiente en colaboraci\u00f3n con el Gobierno de Canad\u00e1. Su finalidad es aumentar la valorizaci\u00f3n de los residuos org\u00e1nicos generados a nivel domiciliario, los que representan el 50% de los residuos que una familia genera diariamente. A pesar de que algunos municipios del pa\u00eds han comenzado a implementar acciones para valorizar sus residuos org\u00e1nicos, apenas estamos valorizando menos del 1% de los casi cuatro millones de toneladas que se generan cada a\u00f1o\u201d.<\/p>\n\n\n\n<p>Toda la informaci\u00f3n recabada en el taller realizado en Atacama ser\u00e1 sistematizada por el Ministerio del Medio Ambiente e incluida para su an\u00e1lisis en el proceso de desarrollo de la Estrategia Nacional de Residuos Org\u00e1nicos.<\/p>\n","protected":false},"excerpt":{"rendered":"<p>Ministerio del Medio Ambiente realiza Taller Participativo para la elaboraci\u00f3n de una Estrategia Nacional de Residuos Org\u00e1nicos A trav\u00e9s de 11 talleres a lo largo&hellip; <\/p>\n","protected":false},"author":2,"featured_media":17301,"comment_status":"open","ping_status":"closed","sticky":false,"template":"","format":"standard","meta":{"footnotes":""},"categories":[7],"tags":[],"class_list":["post-17300","post","type-post","status-publish","format-standard","has-post-thumbnail","hentry","category-atacama"],"_links":{"self":[{"href":"https:\/\/www.radioamigavallenar.cl\/index.php?rest_route=\/wp\/v2\/posts\/17300","targetHints":{"allow":["GET"]}}],"collection":[{"href":"https:\/\/www.radioamigavallenar.cl\/index.php?rest_route=\/wp\/v2\/posts"}],"about":[{"href":"https:\/\/www.radioamigavallenar.cl\/index.php?rest_route=\/wp\/v2\/types\/post"}],"author":[{"embeddable":true,"href":"https:\/\/www.radioamigavallenar.cl\/index.php?rest_route=\/wp\/v2\/users\/2"}],"replies":[{"embeddable":true,"href":"https:\/\/www.radioamigavallenar.cl\/index.php?rest_route=%2Fwp%2Fv2%2Fcomments&post=17300"}],"version-history":[{"count":0,"href":"https:\/\/www.radioamigavallenar.cl\/index.php?rest_route=\/wp\/v2\/posts\/17300\/revisions"}],"wp:featuredmedia":[{"embeddable":true,"href":"https:\/\/www.radioamigavallenar.cl\/index.php?rest_route=\/wp\/v2\/media\/17301"}],"wp:attachment":[{"href":"https:\/\/www.radioamigavallenar.cl\/index.php?rest_route=%2Fwp%2Fv2%2Fmedia&parent=17300"}],"wp:term":[{"taxonomy":"category","embeddable":true,"href":"https:\/\/www.radioamigavallenar.cl\/index.php?rest_route=%2Fwp%2Fv2%2Fcategories&post=17300"},{"taxonomy":"post_tag","embeddable":true,"href":"https:\/\/www.radioamigavallenar.cl\/index.php?rest_route=%2Fwp%2Fv2%2Ftags&post=17300"}],"curies":[{"name":"wp","href":"https:\/\/api.w.org\/{rel}","templated":true}]}}