{"id":17288,"date":"2019-10-15T01:07:35","date_gmt":"2019-10-15T04:07:35","guid":{"rendered":"https:\/\/www.radioamigavallenar.cl\/?p=17288"},"modified":"2019-10-15T01:08:06","modified_gmt":"2019-10-15T04:08:06","slug":"los-guardianes-de-la-soberania-en-el-sector-fronterizo-de-conay","status":"publish","type":"post","link":"https:\/\/www.radioamigavallenar.cl\/?p=17288","title":{"rendered":"Los guardianes de la soberan\u00eda en el sector fronterizo de Conay"},"content":{"rendered":"\n<ul class=\"wp-block-gallery columns-3 is-cropped wp-block-gallery-1 is-layout-flex wp-block-gallery-is-layout-flex\"><li class=\"blocks-gallery-item\"><figure><img loading=\"lazy\" decoding=\"async\" width=\"1024\" height=\"768\" src=\"https:\/\/www.radioamigavallenar.cl\/wp-content\/uploads\/2019\/10\/PHOTO-2019-10-10-11-23-06-1024x768.jpg\" alt=\"\" data-id=\"17289\" data-link=\"https:\/\/www.radioamigavallenar.cl\/?attachment_id=17289\" class=\"wp-image-17289\" srcset=\"https:\/\/www.radioamigavallenar.cl\/wp-content\/uploads\/2019\/10\/PHOTO-2019-10-10-11-23-06-1024x768.jpg 1024w, https:\/\/www.radioamigavallenar.cl\/wp-content\/uploads\/2019\/10\/PHOTO-2019-10-10-11-23-06-300x225.jpg 300w, https:\/\/www.radioamigavallenar.cl\/wp-content\/uploads\/2019\/10\/PHOTO-2019-10-10-11-23-06-768x576.jpg 768w, https:\/\/www.radioamigavallenar.cl\/wp-content\/uploads\/2019\/10\/PHOTO-2019-10-10-11-23-06.jpg 1280w\" sizes=\"auto, (max-width: 1024px) 100vw, 1024px\" \/><\/figure><\/li><li class=\"blocks-gallery-item\"><figure><img loading=\"lazy\" decoding=\"async\" width=\"1024\" height=\"768\" src=\"https:\/\/www.radioamigavallenar.cl\/wp-content\/uploads\/2019\/10\/PHOTO-2019-10-10-11-23-12-1024x768.jpg\" alt=\"\" data-id=\"17290\" data-link=\"https:\/\/www.radioamigavallenar.cl\/?attachment_id=17290\" class=\"wp-image-17290\" srcset=\"https:\/\/www.radioamigavallenar.cl\/wp-content\/uploads\/2019\/10\/PHOTO-2019-10-10-11-23-12-1024x768.jpg 1024w, https:\/\/www.radioamigavallenar.cl\/wp-content\/uploads\/2019\/10\/PHOTO-2019-10-10-11-23-12-300x225.jpg 300w, https:\/\/www.radioamigavallenar.cl\/wp-content\/uploads\/2019\/10\/PHOTO-2019-10-10-11-23-12-768x576.jpg 768w, https:\/\/www.radioamigavallenar.cl\/wp-content\/uploads\/2019\/10\/PHOTO-2019-10-10-11-23-12.jpg 1280w\" sizes=\"auto, (max-width: 1024px) 100vw, 1024px\" \/><\/figure><\/li><li class=\"blocks-gallery-item\"><figure><img loading=\"lazy\" decoding=\"async\" width=\"1024\" height=\"768\" src=\"https:\/\/www.radioamigavallenar.cl\/wp-content\/uploads\/2019\/10\/PHOTO-2019-10-10-11-23-13-1024x768.jpg\" alt=\"\" data-id=\"17291\" data-link=\"https:\/\/www.radioamigavallenar.cl\/?attachment_id=17291\" class=\"wp-image-17291\" srcset=\"https:\/\/www.radioamigavallenar.cl\/wp-content\/uploads\/2019\/10\/PHOTO-2019-10-10-11-23-13-1024x768.jpg 1024w, https:\/\/www.radioamigavallenar.cl\/wp-content\/uploads\/2019\/10\/PHOTO-2019-10-10-11-23-13-300x225.jpg 300w, https:\/\/www.radioamigavallenar.cl\/wp-content\/uploads\/2019\/10\/PHOTO-2019-10-10-11-23-13-768x576.jpg 768w, https:\/\/www.radioamigavallenar.cl\/wp-content\/uploads\/2019\/10\/PHOTO-2019-10-10-11-23-13.jpg 1280w\" sizes=\"auto, (max-width: 1024px) 100vw, 1024px\" \/><\/figure><\/li><li class=\"blocks-gallery-item\"><figure><img loading=\"lazy\" decoding=\"async\" width=\"1024\" height=\"768\" src=\"https:\/\/www.radioamigavallenar.cl\/wp-content\/uploads\/2019\/10\/PHOTO-2019-10-10-11-23-131-1024x768.jpg\" alt=\"\" data-id=\"17292\" data-link=\"https:\/\/www.radioamigavallenar.cl\/?attachment_id=17292\" class=\"wp-image-17292\" srcset=\"https:\/\/www.radioamigavallenar.cl\/wp-content\/uploads\/2019\/10\/PHOTO-2019-10-10-11-23-131-1024x768.jpg 1024w, https:\/\/www.radioamigavallenar.cl\/wp-content\/uploads\/2019\/10\/PHOTO-2019-10-10-11-23-131-300x225.jpg 300w, https:\/\/www.radioamigavallenar.cl\/wp-content\/uploads\/2019\/10\/PHOTO-2019-10-10-11-23-131-768x576.jpg 768w, https:\/\/www.radioamigavallenar.cl\/wp-content\/uploads\/2019\/10\/PHOTO-2019-10-10-11-23-131.jpg 1280w\" sizes=\"auto, (max-width: 1024px) 100vw, 1024px\" \/><\/figure><\/li><li class=\"blocks-gallery-item\"><figure><img loading=\"lazy\" decoding=\"async\" width=\"1024\" height=\"768\" src=\"https:\/\/www.radioamigavallenar.cl\/wp-content\/uploads\/2019\/10\/PHOTO-2019-10-10-11-23-14-1024x768.jpg\" alt=\"\" data-id=\"17293\" data-link=\"https:\/\/www.radioamigavallenar.cl\/?attachment_id=17293\" class=\"wp-image-17293\" srcset=\"https:\/\/www.radioamigavallenar.cl\/wp-content\/uploads\/2019\/10\/PHOTO-2019-10-10-11-23-14-1024x768.jpg 1024w, https:\/\/www.radioamigavallenar.cl\/wp-content\/uploads\/2019\/10\/PHOTO-2019-10-10-11-23-14-300x225.jpg 300w, https:\/\/www.radioamigavallenar.cl\/wp-content\/uploads\/2019\/10\/PHOTO-2019-10-10-11-23-14-768x576.jpg 768w, https:\/\/www.radioamigavallenar.cl\/wp-content\/uploads\/2019\/10\/PHOTO-2019-10-10-11-23-14.jpg 1280w\" sizes=\"auto, (max-width: 1024px) 100vw, 1024px\" \/><\/figure><\/li><\/ul>\n\n\n\n<ul class=\"wp-block-list\"><li><strong><em>En esta localidad rural de la regi\u00f3n de Atacama, el personal policial tambi\u00e9n est\u00e1 presente haciendo prevenci\u00f3n y brindando seguridad.<\/em><\/strong><\/li><\/ul>\n\n\n\n<p>La presencia de Carabineros llega a todos los\nrincones de Atacama, hasta en los lugares m\u00e1s apartados como Conay. En esta\nlocalidad rural de la comuna de Alto del Carmen, en la provincia de Huasco,\ntambi\u00e9n est\u00e1 presente resguardando los hitos fronterizos, haciendo prevenci\u00f3n y\nbrindando seguridad a los vecinos y vecinas.<\/p>\n\n\n\n<p>El personal de Carabineros del Ret\u00e9n Fronterizo Conay, dependiente de la\nTercera Comisar\u00eda Vallenar, es sin\u00f3nimo de presencia, soberan\u00eda, solidaridad,\nauxilio y protecci\u00f3n. \u00c9sta es la labor que desempe\u00f1a d\u00eda a d\u00eda el personal de\neste destacamento emplazado en la precordillera&nbsp; de Alto del Carmen y en medio de\nparajes tan hermosos como aislados. Es una labor permanente de acercamiento con la\ncomunidad, que permite dar respuesta a las variadas necesidades que presentan\nlos pobladores.<\/p>\n\n\n\n<p>Este destacamento posee doce hitos en el\nl\u00edmite internacional con Argentina, los que son resguardados a trav\u00e9s de\npatrullajes de soberan\u00eda, que se realiza mensualmente por un per\u00edodo de cinco d\u00edas\na cada hito. Fue en este contexto y aprovechando las condiciones clim\u00e1ticas de\noctubre, que el personal del Ret\u00e9n realiz\u00f3 este patrullaje a los hitos\nfronterizos.<\/p>\n\n\n\n<p>As\u00ed\nlo destac\u00f3 el Comisario de la Tercera Comisar\u00eda Vallenar, Mayor H\u00e9ctor Rojas\nCastillo, valorando el trabajo de soberan\u00eda y prevenci\u00f3n que desarrolla el\npersonal de este destacamento, \u201clos patrullajes fronterizos que se extienden\npor m\u00e1s de 105 kil\u00f3metros\ndesde el paso Macho Muerto hasta el paso Los Amarillos, no\nes la \u00fanica labor que deben realizar estos carabineros, sino tambi\u00e9n tienen que\ninteractuar con ni\u00f1os, j\u00f3venes, vecinos y adultos mayores y tambi\u00e9n durante la\ntemporada estival deben desarrollar acciones de difusi\u00f3n con turistas que\nllegan a disfrutar de paseos y ascensos a las monta\u00f1as, sin dejar de lado los\nrescates de monta\u00f1istas extraviados\u201d. Manifest\u00f3 el Oficial Jefe de la Tercera\nComisar\u00eda de Carabineros en Vallenar.<\/p>\n\n\n\n<p>El personal de Carabineros de Conay, adem\u00e1s debe efectuar estas peri\u00f3dicas visitas, lleva a efecto acciones de puerta a puerta en sectores que presentan limitaciones geogr\u00e1ficas y donde sus habitantes, debido a problemas econ\u00f3micos no pueden movilizarse hasta el Ret\u00e9n policial para plantear sus problemas o inquietudes.<\/p>\n\n\n\n<figure class=\"wp-block-video aligncenter\"><video height=\"480\" style=\"aspect-ratio: 640 \/ 480;\" width=\"640\" controls src=\"https:\/\/www.radioamigavallenar.cl\/wp-content\/uploads\/2019\/10\/VIDEO-2019-10-10-11-23-06.mp4\"><\/video><\/figure>\n","protected":false},"excerpt":{"rendered":"<p>En esta localidad rural de la regi\u00f3n de Atacama, el personal policial tambi\u00e9n est\u00e1 presente haciendo prevenci\u00f3n y brindando seguridad. La presencia de Carabineros llega&hellip; <\/p>\n","protected":false},"author":2,"featured_media":17289,"comment_status":"open","ping_status":"closed","sticky":false,"template":"","format":"standard","meta":{"footnotes":""},"categories":[5,6,1,2],"tags":[],"class_list":["post-17288","post","type-post","status-publish","format-standard","has-post-thumbnail","hentry","category-alto-del-carmen","category-policial","category-provincia-del-huasco-2","category-vallenar"],"_links":{"self":[{"href":"https:\/\/www.radioamigavallenar.cl\/index.php?rest_route=\/wp\/v2\/posts\/17288","targetHints":{"allow":["GET"]}}],"collection":[{"href":"https:\/\/www.radioamigavallenar.cl\/index.php?rest_route=\/wp\/v2\/posts"}],"about":[{"href":"https:\/\/www.radioamigavallenar.cl\/index.php?rest_route=\/wp\/v2\/types\/post"}],"author":[{"embeddable":true,"href":"https:\/\/www.radioamigavallenar.cl\/index.php?rest_route=\/wp\/v2\/users\/2"}],"replies":[{"embeddable":true,"href":"https:\/\/www.radioamigavallenar.cl\/index.php?rest_route=%2Fwp%2Fv2%2Fcomments&post=17288"}],"version-history":[{"count":0,"href":"https:\/\/www.radioamigavallenar.cl\/index.php?rest_route=\/wp\/v2\/posts\/17288\/revisions"}],"wp:featuredmedia":[{"embeddable":true,"href":"https:\/\/www.radioamigavallenar.cl\/index.php?rest_route=\/wp\/v2\/media\/17289"}],"wp:attachment":[{"href":"https:\/\/www.radioamigavallenar.cl\/index.php?rest_route=%2Fwp%2Fv2%2Fmedia&parent=17288"}],"wp:term":[{"taxonomy":"category","embeddable":true,"href":"https:\/\/www.radioamigavallenar.cl\/index.php?rest_route=%2Fwp%2Fv2%2Fcategories&post=17288"},{"taxonomy":"post_tag","embeddable":true,"href":"https:\/\/www.radioamigavallenar.cl\/index.php?rest_route=%2Fwp%2Fv2%2Ftags&post=17288"}],"curies":[{"name":"wp","href":"https:\/\/api.w.org\/{rel}","templated":true}]}}