{"id":17283,"date":"2019-10-15T01:02:48","date_gmt":"2019-10-15T04:02:48","guid":{"rendered":"https:\/\/www.radioamigavallenar.cl\/?p=17283"},"modified":"2019-10-15T01:02:50","modified_gmt":"2019-10-15T04:02:50","slug":"gobierno-y-carabineros-dan-a-conocer-resultados-de-ronda-preventiva-que-dejo-89-detenidos-en-atacama","status":"publish","type":"post","link":"https:\/\/www.radioamigavallenar.cl\/?p=17283","title":{"rendered":"Gobierno y Carabineros dan a conocer resultados de ronda preventiva que dej\u00f3 89 detenidos en Atacama"},"content":{"rendered":"\n<figure class=\"wp-block-image\"><img loading=\"lazy\" decoding=\"async\" width=\"1024\" height=\"683\" src=\"https:\/\/www.radioamigavallenar.cl\/wp-content\/uploads\/2019\/10\/Resultados-ronda1-1024x683.jpg\" alt=\"\" class=\"wp-image-17286\" srcset=\"https:\/\/www.radioamigavallenar.cl\/wp-content\/uploads\/2019\/10\/Resultados-ronda1-1024x683.jpg 1024w, https:\/\/www.radioamigavallenar.cl\/wp-content\/uploads\/2019\/10\/Resultados-ronda1-300x200.jpg 300w, https:\/\/www.radioamigavallenar.cl\/wp-content\/uploads\/2019\/10\/Resultados-ronda1-768x512.jpg 768w\" sizes=\"auto, (max-width: 1024px) 100vw, 1024px\" \/><\/figure>\n\n\n\n<p>La madrugada de este lunes finaliz\u00f3\nla ronda preventiva policial n\u00famero 18, la cual inici\u00f3 el pasado viernes, y es impulsada\npor el Gobierno. <\/p>\n\n\n\n<p>El Intendente de Atacama, Patricio\nUrquieta, junto al Jefe de la III Zona de Carabineros, General Jorge Tobar,\ndieron a conocer los resultados del operativo. <\/p>\n\n\n\n<p>&nbsp;\u201cSe ha dispuesto por parte del Presidente\nPi\u00f1era una mayor presencia policial en las calles, y esto permite atender la\nprimera prioridad de los Chilenos que es la seguridad p\u00fablica, y como tal,\ntambi\u00e9n es la primera prioridad del Gobierno\u201d destac\u00f3 el Intendente Urquieta. <\/p>\n\n\n\n<p>La primera autoridad regional adem\u00e1s\ndio a conocer que \u201chemos tenido un resultado de 89 detenidos en esta ronda\nnacional y, desde luego, que la comuna de Copiap\u00f3 ha sido la que ha tenido\nmayor injerencia dentro de estos n\u00fameros, porque a partir de que tiene mayor\npoblaci\u00f3n, tambi\u00e9n tiene mayor n\u00famero de delitos, pero esto habla bien de las\ninstituciones, de c\u00f3mo est\u00e1n respondiendo cuando est\u00e1n presentes en terreno y\nesto tambi\u00e9n ayuda a que podamos visibilizar lo que est\u00e1 ocurriendo en las\ncalles, y lo que est\u00e1 haciendo Carabineros para conducir a estas personas que\nest\u00e1n infringiendo la ley a los tribunales de justicia\u201d. <\/p>\n\n\n\n<figure class=\"wp-block-audio\"><audio controls src=\"https:\/\/www.radioamigavallenar.cl\/wp-content\/uploads\/2019\/10\/Intendente-Ronda-Seguridad.mp3\"><\/audio><\/figure>\n\n\n\n<p>\u00abEsta ronda fue bastante\nefectiva y los resultados nos dejan muy conformes\u201d, manifest\u00f3 el Jefe de la III\nZona de Carabineros, General Jorge Tobar. \u00abEstamos muy satisfechos porque\nhemos tenido muy buenos resultados en t\u00e9rminos de detenidos 89, de ellos 72 en\ndelitos flagrantes y 17 por orden de aprehensi\u00f3n vigente. Adem\u00e1s se realizaron 2.671\ncontroles preventivos y, con el refuerzo de los servicios en la comuna de\nVallenar, nos permite fortalecer y mejorar la seguridad, lo cual tendr\u00e1 un\nimpacto positivo en la curva de delitos del STOP, impacto que sin lugar a dudas\nse traducir\u00e1 en una mayor tranquilidad ciudadana\u00bb.<\/p>\n\n\n\n<figure class=\"wp-block-audio\"><audio controls src=\"https:\/\/www.radioamigavallenar.cl\/wp-content\/uploads\/2019\/10\/General-Tobar.mp3\"><\/audio><\/figure>\n\n\n\n<p>Arturo Urcull\u00fa, Coordinador Regional\nde Seguridad P\u00fablica, dijo que \u201clos resultados que se entregan ahora nos dejan\nbastante satisfechos porque estamos demostrando que la comunidad est\u00e1\nrecibiendo los servicios que requiere, y bajando la sensaci\u00f3n de inseguridad\nque es lo que a nosotros nos interesa tambi\u00e9n\u201d. <\/p>\n\n\n\n<p><strong>Macro Zona Norte en Arica<\/strong><\/p>\n\n\n\n<p>Este viernes se desarroll\u00f3 la primera\nreuni\u00f3n de seguridad de la Macrozona Norte luego que el Presidente, Sebasti\u00e1n\nPi\u00f1era, firmara el Decreto Supremo que permite la colaboraci\u00f3n de Fuerzas\nArmadas a las tareas de seguridad de la frontera norte. El encuentro estuvo\nencabezado por el Ministro del Interior y Seguridad P\u00fablica, Andr\u00e9s Chadwick, y\ncont\u00f3 con la participaci\u00f3n del Ministro de Defensa, Alberto Espina: el\nSubsecretario del Interior, Rodrigo Ubilla; el General Director de Carabineros,\nMario Rozas; el Director General de la Polic\u00eda de Investigaciones, H\u00e9ctor\nEspinosa; los intendentes de Arica, Tarapac\u00e1, Antofagasta, Coquimbo y el\nIntendente de Atacama, Patricio Urquieta; autoridades de Gendarmer\u00eda, Aduanas,\nDirectemar, Ej\u00e9rcito, Fuerza A\u00e9rea y el Ministerio P\u00fablico.<\/p>\n\n\n\n<p>El Intendente Urquieta explic\u00f3 que \u201canalizamos\nel impacto que ha tenido la colaboraci\u00f3n de las Fuerzas Armadas en fronteras,\nen esta misi\u00f3n policial que cumple tanto la Polic\u00eda de Investigaciones como Carabineros,\ny la reducci\u00f3n que ha tenido de un 25% el ingreso de drogas a nuestro pa\u00eds y\neso significa que tenemos mejores noticias, pero un largo camino por recorrer a\npartir de esta colaboraci\u00f3n que est\u00e1n prestando las Fuerzas Armadas y la Polic\u00eda\nde Investigaciones con log\u00edstica, con transporte, y con tecnolog\u00eda. Esto es una\nlucha sin cuartel e incansable que estamos dando contra la trata de personas,\nel tr\u00e1fico de drogas, el crimen organizado, el contrabando y, sin duda, que son\nbuenas noticias\u201d. <\/p>\n\n\n\n<p>\u201cHemos tenido m\u00e1s de 355 operaciones\ncon el apoyo de las FF.AA. a la acci\u00f3n de nuestras polic\u00edas. Eso ha permitido\nque en el tercer trimestre de este a\u00f1o, las acciones que se han desarrollado en\nla Macrozona Norte generen resultados de mucha esperanza\u201d, dijo el Ministro del\nInterior, Andr\u00e9s Chadwick.<\/p>\n","protected":false},"excerpt":{"rendered":"<p>La madrugada de este lunes finaliz\u00f3 la ronda preventiva policial n\u00famero 18, la cual inici\u00f3 el pasado viernes, y es impulsada por el Gobierno. El&hellip; <\/p>\n","protected":false},"author":2,"featured_media":17286,"comment_status":"open","ping_status":"closed","sticky":false,"template":"","format":"standard","meta":{"footnotes":""},"categories":[7],"tags":[],"class_list":["post-17283","post","type-post","status-publish","format-standard","has-post-thumbnail","hentry","category-atacama"],"_links":{"self":[{"href":"https:\/\/www.radioamigavallenar.cl\/index.php?rest_route=\/wp\/v2\/posts\/17283","targetHints":{"allow":["GET"]}}],"collection":[{"href":"https:\/\/www.radioamigavallenar.cl\/index.php?rest_route=\/wp\/v2\/posts"}],"about":[{"href":"https:\/\/www.radioamigavallenar.cl\/index.php?rest_route=\/wp\/v2\/types\/post"}],"author":[{"embeddable":true,"href":"https:\/\/www.radioamigavallenar.cl\/index.php?rest_route=\/wp\/v2\/users\/2"}],"replies":[{"embeddable":true,"href":"https:\/\/www.radioamigavallenar.cl\/index.php?rest_route=%2Fwp%2Fv2%2Fcomments&post=17283"}],"version-history":[{"count":0,"href":"https:\/\/www.radioamigavallenar.cl\/index.php?rest_route=\/wp\/v2\/posts\/17283\/revisions"}],"wp:featuredmedia":[{"embeddable":true,"href":"https:\/\/www.radioamigavallenar.cl\/index.php?rest_route=\/wp\/v2\/media\/17286"}],"wp:attachment":[{"href":"https:\/\/www.radioamigavallenar.cl\/index.php?rest_route=%2Fwp%2Fv2%2Fmedia&parent=17283"}],"wp:term":[{"taxonomy":"category","embeddable":true,"href":"https:\/\/www.radioamigavallenar.cl\/index.php?rest_route=%2Fwp%2Fv2%2Fcategories&post=17283"},{"taxonomy":"post_tag","embeddable":true,"href":"https:\/\/www.radioamigavallenar.cl\/index.php?rest_route=%2Fwp%2Fv2%2Ftags&post=17283"}],"curies":[{"name":"wp","href":"https:\/\/api.w.org\/{rel}","templated":true}]}}