{"id":17273,"date":"2019-10-14T11:22:08","date_gmt":"2019-10-14T14:22:08","guid":{"rendered":"https:\/\/www.radioamigavallenar.cl\/?p=17273"},"modified":"2019-10-14T11:22:09","modified_gmt":"2019-10-14T14:22:09","slug":"ine-comienza-el-levantamiento-de-encuesta-urbana-de-seguridad-ciudadana-enusc-2019","status":"publish","type":"post","link":"https:\/\/www.radioamigavallenar.cl\/?p=17273","title":{"rendered":"INE comienza el levantamiento de encuesta urbana de seguridad ciudadana, ENUSC 2019"},"content":{"rendered":"\n<figure class=\"wp-block-image\"><img loading=\"lazy\" decoding=\"async\" width=\"960\" height=\"720\" src=\"https:\/\/www.radioamigavallenar.cl\/wp-content\/uploads\/2019\/10\/ine.jpg\" alt=\"\" class=\"wp-image-17274\" srcset=\"https:\/\/www.radioamigavallenar.cl\/wp-content\/uploads\/2019\/10\/ine.jpg 960w, https:\/\/www.radioamigavallenar.cl\/wp-content\/uploads\/2019\/10\/ine-300x225.jpg 300w, https:\/\/www.radioamigavallenar.cl\/wp-content\/uploads\/2019\/10\/ine-768x576.jpg 768w\" sizes=\"auto, (max-width: 960px) 100vw, 960px\" \/><\/figure>\n\n\n\n<p><strong>M\u00e1s de un 76 por ciento de las personas declar\u00f3 percibir aumento de la delincuencia en Chile<\/strong><br><\/p>\n\n\n\n<p>Obtener informaci\u00f3n sobre la percepci\u00f3n de inseguridad, la reacci\u00f3n frente al delito y la victimizaci\u00f3n de personas y hogares durante el a\u00f1o en curso, es el objetivo principal de la Encuesta Nacional Urbana de Seguridad Ciudadana (ENUSC), que el Instituto Nacional de Estad\u00edsticas desarrolla a partir de una muestra representativa de zonas urbanas a nivel nacional y regional.<\/p>\n\n\n\n<p>Para el a\u00f1o 2019 en la regi\u00f3n de Atacama, el levantamiento de datos en terreno se llevar\u00e1 a cabo entre los meses de octubre y diciembre, para lo cual el equipo de operativos en terreno, es decir, recolectores, supervisores y encargados ya fueron capacitados por funcionarias de las \u00e1reas t\u00e9cnicas y operativas del Nivel Central del INE, durante la semana reci\u00e9n pasada.<\/p>\n\n\n\n<p>El equipo total est\u00e1 conformado por diez recolectores y 3 supervisores, quienes abarcar\u00e1n una muestra de 957 viviendas, entre la capital regional y la ciudad de Vallenar.<\/p>\n\n\n\n<p>Giovanna Ferrari M., capacitadora de la Subdirecci\u00f3n de Operaciones del INE Central, destac\u00f3 que el proceso de capacitaci\u00f3n se haya llevado a cabo sin mayores inconvenientes \u201cLos encuestadores pudieron adquirir los conocimientos que se requieren para realizar su trabajo que inicia esta semana, todos con la mejor energ\u00eda para lograr los objetivos del proyecto. Esperamos que nuestro trabajo de capacitaci\u00f3n sirva de antesala para realizar el mejor de los trabajos en este desaf\u00edo y quedamos atentos y con la m\u00e1xima disposici\u00f3n para las inquietudes que se presenten durante el desarrollo de este cometido\u201d<\/p>\n\n\n\n<p>Por su parte, Eduardo Mur\u00faa M., director regional (S) del INE Atacama, hace un llamado a toda la comunidad a entregar con absoluta confianza la informaci\u00f3n que les requiera el equipo de trabajo del INE, quienes portar\u00e1n una credencial institucional. Adem\u00e1s, invita a visitar la p\u00e1gina web www.ine.cl, donde se puede corroborar la identidad de los encuestadores que est\u00e1n trabajando en terreno.<\/p>\n","protected":false},"excerpt":{"rendered":"<p>M\u00e1s de un 76 por ciento de las personas declar\u00f3 percibir aumento de la delincuencia en Chile Obtener informaci\u00f3n sobre la percepci\u00f3n de inseguridad, la&hellip; <\/p>\n","protected":false},"author":2,"featured_media":17274,"comment_status":"open","ping_status":"closed","sticky":false,"template":"","format":"standard","meta":{"footnotes":""},"categories":[7],"tags":[],"class_list":["post-17273","post","type-post","status-publish","format-standard","has-post-thumbnail","hentry","category-atacama"],"_links":{"self":[{"href":"https:\/\/www.radioamigavallenar.cl\/index.php?rest_route=\/wp\/v2\/posts\/17273","targetHints":{"allow":["GET"]}}],"collection":[{"href":"https:\/\/www.radioamigavallenar.cl\/index.php?rest_route=\/wp\/v2\/posts"}],"about":[{"href":"https:\/\/www.radioamigavallenar.cl\/index.php?rest_route=\/wp\/v2\/types\/post"}],"author":[{"embeddable":true,"href":"https:\/\/www.radioamigavallenar.cl\/index.php?rest_route=\/wp\/v2\/users\/2"}],"replies":[{"embeddable":true,"href":"https:\/\/www.radioamigavallenar.cl\/index.php?rest_route=%2Fwp%2Fv2%2Fcomments&post=17273"}],"version-history":[{"count":0,"href":"https:\/\/www.radioamigavallenar.cl\/index.php?rest_route=\/wp\/v2\/posts\/17273\/revisions"}],"wp:featuredmedia":[{"embeddable":true,"href":"https:\/\/www.radioamigavallenar.cl\/index.php?rest_route=\/wp\/v2\/media\/17274"}],"wp:attachment":[{"href":"https:\/\/www.radioamigavallenar.cl\/index.php?rest_route=%2Fwp%2Fv2%2Fmedia&parent=17273"}],"wp:term":[{"taxonomy":"category","embeddable":true,"href":"https:\/\/www.radioamigavallenar.cl\/index.php?rest_route=%2Fwp%2Fv2%2Fcategories&post=17273"},{"taxonomy":"post_tag","embeddable":true,"href":"https:\/\/www.radioamigavallenar.cl\/index.php?rest_route=%2Fwp%2Fv2%2Ftags&post=17273"}],"curies":[{"name":"wp","href":"https:\/\/api.w.org\/{rel}","templated":true}]}}