{"id":17205,"date":"2019-10-11T12:53:25","date_gmt":"2019-10-11T15:53:25","guid":{"rendered":"https:\/\/www.radioamigavallenar.cl\/?p=17205"},"modified":"2019-10-11T12:53:26","modified_gmt":"2019-10-11T15:53:26","slug":"33-de-los-adultos-mayores-de-la-region-de-atacama-tiene-algun-problema-de-salud-permanente","status":"publish","type":"post","link":"https:\/\/www.radioamigavallenar.cl\/?p=17205","title":{"rendered":"33% de los adultos mayores de la Regi\u00f3n de Atacama tiene alg\u00fan problema de salud permanente"},"content":{"rendered":"\n<div class=\"wp-block-image\"><figure class=\"aligncenter is-resized\"><img loading=\"lazy\" decoding=\"async\" src=\"https:\/\/www.radioamigavallenar.cl\/wp-content\/uploads\/2019\/10\/Infografia-Salud-AM_Atacama-955x1024.jpg\" alt=\"\" class=\"wp-image-17206\" width=\"530\" height=\"567\" srcset=\"https:\/\/www.radioamigavallenar.cl\/wp-content\/uploads\/2019\/10\/Infografia-Salud-AM_Atacama-955x1024.jpg 955w, https:\/\/www.radioamigavallenar.cl\/wp-content\/uploads\/2019\/10\/Infografia-Salud-AM_Atacama-280x300.jpg 280w, https:\/\/www.radioamigavallenar.cl\/wp-content\/uploads\/2019\/10\/Infografia-Salud-AM_Atacama-768x823.jpg 768w, https:\/\/www.radioamigavallenar.cl\/wp-content\/uploads\/2019\/10\/Infografia-Salud-AM_Atacama.jpg 1058w\" sizes=\"auto, (max-width: 530px) 100vw, 530px\" \/><\/figure><\/div>\n\n\n\n<p>En el caso de los habitantes pertenecientes a la cuarta edad, la proporci\u00f3n aumenta a un 51%. La principal condici\u00f3n que presentan es dificultad f\u00edsica o de movilidad.<\/p>\n\n\n\n<p>Un nuevo estudio realizado por el programa de Conocimiento e Investigaci\u00f3n en Personas Mayores (Cipem), revel\u00f3 que el 32,6% de los adultos mayores de la Regi\u00f3n de Atacama padece alg\u00fan problema permanente de salud, estando por sobre el promedio a nivel nacional (28%), mientras que para la cuarta edad (mayores de 80 a\u00f1os) esta proporci\u00f3n llega a un 50,6%.<\/p>\n\n\n\n<p>El informe, elaborado por la Facultad de Gobierno de la Universidad del Desarrollo y Caja Los H\u00e9roes, est\u00e1 basado en los resultados de la Encuesta Casen 2017 y contempla condiciones como ceguera, sordera, dificultad mental o intelectual, dificultad psiqui\u00e1trica, mudez y dificultad f\u00edsica y\/o de movilidad que fueron agrupadas en dos grupos: tiene o no tiene alguna condici\u00f3n.<\/p>\n\n\n\n<p>En el caso de la Regi\u00f3n de Atacama, el principal problema que presenta este segmento de la poblaci\u00f3n es la dificultad f\u00edsica o de movilidad con un 21,0%, seguido por ceguera o dificultad para ver (8,5%), sordera o dificultad para o\u00edr (6,1%), dificultad mental o intelectual (2,1%), mudez o dificultad en el habla (2,0%) y dificultad psiqui\u00e1trica (1,5%).<\/p>\n\n\n\n<p>Otro aspecto que revel\u00f3 el informe tiene relaci\u00f3n con la situaci\u00f3n de dependencia de los adultos mayores, donde un 12,7% de la tercera edad recibe ayuda de otras personas para realizar distintas acciones, proporci\u00f3n de que se eleva a un 34,2% en el caso de la cuarta edad.<\/p>\n\n\n\n<p>Respecto a la salud de los adultos mayores en Chile, el director acad\u00e9mico de Cipem, Mauricio Apablaza asegur\u00f3 que \u201ca nivel internacional, Chile es el pa\u00eds 32 con mayor esperanza de vida saludable al nacer alcanzando los 69.7 a\u00f1os. Para quienes alcanzan los 60 a\u00f1os, la esperanza de vida saludable alcanza los 18 a\u00f1os ubic\u00e1ndose entre los 30 primeros del mundo y liderando las estad\u00edsticas para Sudam\u00e9rica. A nivel nacional un 28% de la poblaci\u00f3n adulto mayor presenta alg\u00fan tipo de condici\u00f3n permanente siendo la m\u00e1s extendida la dificultad f\u00edsica o de movilidad que afecta el 18% del grupo etario. Las cifras aumentan a 41% y 37% cuando se analiza la cuarta edad.\u201d<\/p>\n\n\n\n<p>En base a esto, el director de Cipem y gerente de Asuntos Corporativos de Caja Los H\u00e9roes, Germ\u00e1n Lafrentz, recalc\u00f3 que \u201ces fundamental analizar las cifras de este estudio a nivel nacional y regional, con el objetivo de tomar medidas que vayan en beneficio de los adultos mayores y les ayude a mejorar su calidad de vida. En ese aspecto, es importante fomentar los ex\u00e1menes preventivos para el adulto mayor junto con otras medidas que apunten al cuidado de la salud de este segmento de la poblaci\u00f3n\u201d.<\/p>\n\n\n\n<p><strong>Qu\u00e9 es el CIPEM<\/strong><\/p>\n\n\n\n<p>El Programa de Conocimiento e Investigaci\u00f3n en Personas Mayores (CIPEM) es una instancia impulsada por la Universidad del Desarrollo y la Caja de Compensaci\u00f3n Los H\u00e9roes, la cual busca generar conocimiento en \u00e1mbitos que permitan contribuir a mejorar la calidad de vida de los adultos mayores, apuntando a ser un aporte a la creaci\u00f3n de pol\u00edticas p\u00fablicas y a la generaci\u00f3n de herramientas que impacten positivamente en temas como salud, transporte, empleo, situaciones de dependencia o recreaci\u00f3n, entre otros.<\/p>\n","protected":false},"excerpt":{"rendered":"<p>En el caso de los habitantes pertenecientes a la cuarta edad, la proporci\u00f3n aumenta a un 51%. La principal condici\u00f3n que presentan es dificultad f\u00edsica&hellip; <\/p>\n","protected":false},"author":2,"featured_media":17206,"comment_status":"open","ping_status":"closed","sticky":false,"template":"","format":"standard","meta":{"footnotes":""},"categories":[7],"tags":[],"class_list":["post-17205","post","type-post","status-publish","format-standard","has-post-thumbnail","hentry","category-atacama"],"_links":{"self":[{"href":"https:\/\/www.radioamigavallenar.cl\/index.php?rest_route=\/wp\/v2\/posts\/17205","targetHints":{"allow":["GET"]}}],"collection":[{"href":"https:\/\/www.radioamigavallenar.cl\/index.php?rest_route=\/wp\/v2\/posts"}],"about":[{"href":"https:\/\/www.radioamigavallenar.cl\/index.php?rest_route=\/wp\/v2\/types\/post"}],"author":[{"embeddable":true,"href":"https:\/\/www.radioamigavallenar.cl\/index.php?rest_route=\/wp\/v2\/users\/2"}],"replies":[{"embeddable":true,"href":"https:\/\/www.radioamigavallenar.cl\/index.php?rest_route=%2Fwp%2Fv2%2Fcomments&post=17205"}],"version-history":[{"count":0,"href":"https:\/\/www.radioamigavallenar.cl\/index.php?rest_route=\/wp\/v2\/posts\/17205\/revisions"}],"wp:featuredmedia":[{"embeddable":true,"href":"https:\/\/www.radioamigavallenar.cl\/index.php?rest_route=\/wp\/v2\/media\/17206"}],"wp:attachment":[{"href":"https:\/\/www.radioamigavallenar.cl\/index.php?rest_route=%2Fwp%2Fv2%2Fmedia&parent=17205"}],"wp:term":[{"taxonomy":"category","embeddable":true,"href":"https:\/\/www.radioamigavallenar.cl\/index.php?rest_route=%2Fwp%2Fv2%2Fcategories&post=17205"},{"taxonomy":"post_tag","embeddable":true,"href":"https:\/\/www.radioamigavallenar.cl\/index.php?rest_route=%2Fwp%2Fv2%2Ftags&post=17205"}],"curies":[{"name":"wp","href":"https:\/\/api.w.org\/{rel}","templated":true}]}}