{"id":17107,"date":"2019-10-09T00:25:06","date_gmt":"2019-10-09T03:25:06","guid":{"rendered":"https:\/\/www.radioamigavallenar.cl\/?p=17107"},"modified":"2019-10-09T00:25:07","modified_gmt":"2019-10-09T03:25:07","slug":"atencion-atacamenos-4-consejos-que-te-ayudaran-a-ahorrar-en-tus-cuentas-de-agua-y-luz","status":"publish","type":"post","link":"https:\/\/www.radioamigavallenar.cl\/?p=17107","title":{"rendered":"Atenci\u00f3n atacame\u00f1os: 4 consejos que te ayudar\u00e1n a ahorrar en tus cuentas de agua y luz"},"content":{"rendered":"\n<figure class=\"wp-block-image\"><img loading=\"lazy\" decoding=\"async\" width=\"749\" height=\"398\" src=\"https:\/\/www.radioamigavallenar.cl\/wp-content\/uploads\/2019\/10\/14.51.39.png\" alt=\"\" class=\"wp-image-17108\" srcset=\"https:\/\/www.radioamigavallenar.cl\/wp-content\/uploads\/2019\/10\/14.51.39.png 749w, https:\/\/www.radioamigavallenar.cl\/wp-content\/uploads\/2019\/10\/14.51.39-300x159.png 300w\" sizes=\"auto, (max-width: 749px) 100vw, 749px\" \/><\/figure>\n\n\n\n<p><strong>El denominador en com\u00fan de los chilenos, es que todos queremos bajar lo m\u00e1ximo posible las cuentas b\u00e1sicas mes a mes en nuestro hogar, tratando de apagar luces innecesarias, realizando duchas m\u00e1s cortas, cuidando que el calor o fr\u00edo, dependiendo de la \u00e9poca del a\u00f1o, no se escape por entremedio de los vidrios, entre otros.<\/strong><\/p>\n\n\n\n<p>Hay que tener claro que lograr ahorrar dinero en nuestro consumo diario no es una tarea dif\u00edcil, sino que solo hay que trabajar sobre ella.\u00a0Es por esto que debes considerar algunos consejos sencillos que te ayudar\u00e1n a lograr ese equilibrio de econom\u00eda dom\u00e9stica y calidad de vida.<\/p>\n\n\n\n<h2 class=\"wp-block-heading\">Apaga los aparatos el\u00e9ctricos cuando no los uses<\/h2>\n\n\n\n<p>Debemos tener claro que siguen gastando y que te aumentar\u00e1n la cuenta de la luz hasta en un 12% en forma mensual.<\/p>\n\n\n\n<h2 class=\"wp-block-heading\">No abuses de la calefacci\u00f3n y el aire acondicionado<\/h2>\n\n\n\n<p>La temperatura ideal para una casa est\u00e1 en torno a los 20\u00baC, por lo tanto, por cada grado extra, el consumo sube entre un 5% y un 10%.<\/p>\n\n\n\n<h2 class=\"wp-block-heading\">Unas buenas ventanas son una inversi\u00f3n de futuro<\/h2>\n\n\n\n<p>Junto con el tema de la calefacci\u00f3n y el aire acondicionado, muchos hogares se ven obligados a prenderla al m\u00e1ximo, debido a las fugas de calor o fr\u00edo por las ventanas, donde solo bastar\u00e1 con acercarnos a una de ellas, para darnos cuenta que la temperatura desciende o aumenta r\u00e1pidamente unos 2 o 3 grados.<\/p>\n\n\n\n<p>\u201cEl termopanel Low E puede reducir a menos de la mitad la fuga energ\u00e9tica frente a un vidriado simple. Esto quiere decir que en invierno o verano se conserva la energ\u00eda que se perder\u00eda a trav\u00e9s de un vidriado simple, por lo tanto se genera un significativo ahorro de consumo en calefacci\u00f3n o aire acondicionado\u201d asegura Gonzalo Acevedo, Gerente Comercial de Vidrios Lirquen.<\/p>\n\n\n\n<h2 class=\"wp-block-heading\">Atento con los electrodom\u00e9sticos que m\u00e1s consumen<\/h2>\n\n\n\n<p>Por lejos el refrigerador es el que m\u00e1s consumo genera en nuestro hogar, por lo tanto, debemos ponerlo en un lugar fresco y ventilado alejado del calor. Adem\u00e1s, evitar\u00e1s gastar hasta un 7% de energ\u00eda por cada vez que lo abras.<\/p>\n\n\n\n<p>Hacer una revisi\u00f3n de tu casa, es clave tanto por tu propia seguridad, hasta para evitar cobros excesivos por posibles fugas. En una casa nueva la revisi\u00f3n se debe hacer cada 10 a\u00f1os, a diferencia de las propiedades que tienen m\u00e1s de 25 a\u00f1os de antig\u00fcedad, las cuales se les debe hacer una revisi\u00f3n cada 5 a\u00f1os.<\/p>\n","protected":false},"excerpt":{"rendered":"<p>El denominador en com\u00fan de los chilenos, es que todos queremos bajar lo m\u00e1ximo posible las cuentas b\u00e1sicas mes a mes en nuestro hogar, tratando&hellip; <\/p>\n","protected":false},"author":2,"featured_media":17108,"comment_status":"open","ping_status":"closed","sticky":false,"template":"","format":"standard","meta":{"footnotes":""},"categories":[7],"tags":[],"class_list":["post-17107","post","type-post","status-publish","format-standard","has-post-thumbnail","hentry","category-atacama"],"_links":{"self":[{"href":"https:\/\/www.radioamigavallenar.cl\/index.php?rest_route=\/wp\/v2\/posts\/17107","targetHints":{"allow":["GET"]}}],"collection":[{"href":"https:\/\/www.radioamigavallenar.cl\/index.php?rest_route=\/wp\/v2\/posts"}],"about":[{"href":"https:\/\/www.radioamigavallenar.cl\/index.php?rest_route=\/wp\/v2\/types\/post"}],"author":[{"embeddable":true,"href":"https:\/\/www.radioamigavallenar.cl\/index.php?rest_route=\/wp\/v2\/users\/2"}],"replies":[{"embeddable":true,"href":"https:\/\/www.radioamigavallenar.cl\/index.php?rest_route=%2Fwp%2Fv2%2Fcomments&post=17107"}],"version-history":[{"count":0,"href":"https:\/\/www.radioamigavallenar.cl\/index.php?rest_route=\/wp\/v2\/posts\/17107\/revisions"}],"wp:featuredmedia":[{"embeddable":true,"href":"https:\/\/www.radioamigavallenar.cl\/index.php?rest_route=\/wp\/v2\/media\/17108"}],"wp:attachment":[{"href":"https:\/\/www.radioamigavallenar.cl\/index.php?rest_route=%2Fwp%2Fv2%2Fmedia&parent=17107"}],"wp:term":[{"taxonomy":"category","embeddable":true,"href":"https:\/\/www.radioamigavallenar.cl\/index.php?rest_route=%2Fwp%2Fv2%2Fcategories&post=17107"},{"taxonomy":"post_tag","embeddable":true,"href":"https:\/\/www.radioamigavallenar.cl\/index.php?rest_route=%2Fwp%2Fv2%2Ftags&post=17107"}],"curies":[{"name":"wp","href":"https:\/\/api.w.org\/{rel}","templated":true}]}}