{"id":17104,"date":"2019-10-09T00:23:02","date_gmt":"2019-10-09T03:23:02","guid":{"rendered":"https:\/\/www.radioamigavallenar.cl\/?p=17104"},"modified":"2019-10-09T00:23:03","modified_gmt":"2019-10-09T03:23:03","slug":"ministro-jobet-entrego-premios-para-un-futuro-sustentable-de-empresas-generadoras-de-energia","status":"publish","type":"post","link":"https:\/\/www.radioamigavallenar.cl\/?p=17104","title":{"rendered":"Ministro Jobet entreg\u00f3 premios para un futuro sustentable de empresas generadoras de energ\u00eda"},"content":{"rendered":"\n<div class=\"wp-block-image\"><figure class=\"aligncenter\"><img loading=\"lazy\" decoding=\"async\" width=\"492\" height=\"326\" src=\"https:\/\/www.radioamigavallenar.cl\/wp-content\/uploads\/2019\/10\/descarga.png\" alt=\"\" class=\"wp-image-17105\" srcset=\"https:\/\/www.radioamigavallenar.cl\/wp-content\/uploads\/2019\/10\/descarga.png 492w, https:\/\/www.radioamigavallenar.cl\/wp-content\/uploads\/2019\/10\/descarga-300x199.png 300w\" sizes=\"auto, (max-width: 492px) 100vw, 492px\" \/><\/figure><\/div>\n\n\n\n<p><strong>El Secretario de Estado tambi\u00e9n inaugur\u00f3 el seminario APEC, Energ\u00eda en Zona aisladas, organizado por el ministerio, en que detall\u00f3 el avance del programa Ruta de la Luz, que lleva energ\u00eda a cada rinc\u00f3n del pa\u00eds.<\/strong><\/p>\n\n\n\n<p>El\u00a0ministro de Energ\u00eda,\u00a0Juan Carlos Jobet, inaugur\u00f3 esta ma\u00f1ana la segunda versi\u00f3n del Concurso Buenas Pr\u00e1cticas para un Futuro El\u00e9ctrico m\u00e1s Sustentable, organizado por Generadoras de Chile, que convoc\u00f3 a sus empresas socias y a las comunidades en que se insertan sus proyectos, a postular iniciativas que promueven las buenas pr\u00e1cticas en el uso y generaci\u00f3n de energ\u00eda.<\/p>\n\n\n\n<p>Al concurso postularon 15 proyectos que reflejan c\u00f3mo las empresas de generaci\u00f3n est\u00e1n contribuyendo a una serie de necesidades sociales relacionadas a temas de iluminaci\u00f3n, \u00e1reas verdes, agricultura, turismo, educaci\u00f3n, entre otros.<\/p>\n\n\n\n<p>Los programas ten\u00edan como requisito el haber surgido de un proceso participativo y que demostraran su contribuci\u00f3n a los Objetivos de Desarrollo Sostenible de las Naciones Unidas.<\/p>\n\n\n\n<p>Un jurado multidisciplinario escogi\u00f3 a tres iniciativas que fueron destacadas por su impacto, coherencia, contribuci\u00f3n, participaci\u00f3n y originalidad.<\/p>\n\n\n\n<p>El primer lugar fue para el Balneario Machicura. Esta iniciativa, desarrollada por la empresa Colb\u00fan,&nbsp; busca impulsar como polo tur\u00edstico la localidad para mejorar la calidad de vida local mostrando los atractivos de la zona y generando empleos en torno la actividad tur\u00edstica; el segundo lugar fue para Enel y su programa de Gesti\u00f3n H\u00eddrica en la cuenca Maule el que a trav\u00e9s de la incorporaci\u00f3n de nuevas tecnolog\u00edas de riego ha permitido mejorar las condiciones de producci\u00f3n de agricultores de la zona; y, la tercera distinci\u00f3n, se la llev\u00f3 el mini parque solar en Caleta Sierra, parque autosustentable de generaci\u00f3n el\u00e9ctrica, operado y mantenido por los vecinos de la comunidad, y realizado por Pacific Hydro.<\/p>\n\n\n\n<p>\u201cCelebro que en el sector energ\u00eda las compa\u00f1\u00edas entiendan y se adapten a los cambios que est\u00e1 sufriendo el mundo como el clima, las tecnolog\u00edas, las demandas de la ciudadan\u00eda, y vean esos cambios como una oportunidad para innovar\u201d, explic\u00f3 el ministro Jobet, a la vez que resalt\u00f3 el rol de Generadoras de Chile.<\/p>\n\n\n\n<p>\u201cQue sea el gremio que representa a las empresas de generaci\u00f3n el\u00e9ctrica, el que est\u00e9 en el origen de esta iniciativa, demuestra a qu\u00e9 punto todos debemos estar involucrados con la transici\u00f3n energ\u00e9tica: empresas, ciudadanos, comunidades y Estado. Esta iniciativa nos ense\u00f1a tambi\u00e9n algo esencial, que si queremos que la transici\u00f3n energ\u00e9tica sea una realidad alcanzable no debemos caer en una visi\u00f3n manique\u00edsta y simplista de la cuesti\u00f3n energ\u00e9tica\u201d.<\/p>\n\n\n\n<p><strong>Seminario APEC<\/strong><\/p>\n\n\n\n<p>As\u00ed tambi\u00e9n, el ministro de Energ\u00eda inaugur\u00f3 ayer el Seminario APEC, Energ\u00eda en Zona aisladas, donde resalt\u00f3 que Chile se encuentra en un momento y una posici\u00f3n claves para los grandes debates medioambientales, econ\u00f3micos y sociales que est\u00e1n ocurriendo a nivel global.<\/p>\n\n\n\n<p>\u201cHemos tomado la decisi\u00f3n de sumarnos a importantes acuerdos internacionales y&nbsp; fijar ambiciosas metas propias que nos comprometen a implementar pol\u00edticas y acciones para el desarrollo sostenible, somos econom\u00eda sede del Foro APEC 2019 y seremos anfitriones de la COP 25 el pr\u00f3ximo diciembre, lo que pone los ojos del mundo sobre nosotros y nos interpela como Gobierno y como ciudadanos. En este escenario, el sector energ\u00e9tico tiene una gran responsabilidad\u201d, explic\u00f3 el secretario de Estado.<\/p>\n\n\n\n<p>En ese contexto, Jobet explic\u00f3 que \u201casumimos el acceso universal a la energ\u00eda como un desaf\u00edo urgente, haciendo eco de nuestros compromisos como Estado y concretando una tarea encomendada directamente por el Presidente Sebasti\u00e1n Pi\u00f1era: reducir al m\u00e1ximo las brechas de acceso el\u00e9ctrico que a\u00fan existen en nuestro pa\u00eds, con soluciones seguras y sostenibles\u201d.<\/p>\n\n\n\n<p>La autoridad ministerial indic\u00f3 que esto \u00faltimo es especialmente importante para el caso de Chile, \u201cdonde la cobertura de electrificaci\u00f3n bordea el 100%, y sin embargo la realidad del mundo rural y de las zonas aisladas dista mucho de lo que se vive en las grandes ciudades, tanto en materia de acceso como en la calidad del suministro que reciben sus habitantes\u201d.<\/p>\n","protected":false},"excerpt":{"rendered":"<p>El Secretario de Estado tambi\u00e9n inaugur\u00f3 el seminario APEC, Energ\u00eda en Zona aisladas, organizado por el ministerio, en que detall\u00f3 el avance del programa Ruta&hellip; <\/p>\n","protected":false},"author":2,"featured_media":17105,"comment_status":"open","ping_status":"closed","sticky":false,"template":"","format":"standard","meta":{"footnotes":""},"categories":[7,37],"tags":[],"class_list":["post-17104","post","type-post","status-publish","format-standard","has-post-thumbnail","hentry","category-atacama","category-nacional"],"_links":{"self":[{"href":"https:\/\/www.radioamigavallenar.cl\/index.php?rest_route=\/wp\/v2\/posts\/17104","targetHints":{"allow":["GET"]}}],"collection":[{"href":"https:\/\/www.radioamigavallenar.cl\/index.php?rest_route=\/wp\/v2\/posts"}],"about":[{"href":"https:\/\/www.radioamigavallenar.cl\/index.php?rest_route=\/wp\/v2\/types\/post"}],"author":[{"embeddable":true,"href":"https:\/\/www.radioamigavallenar.cl\/index.php?rest_route=\/wp\/v2\/users\/2"}],"replies":[{"embeddable":true,"href":"https:\/\/www.radioamigavallenar.cl\/index.php?rest_route=%2Fwp%2Fv2%2Fcomments&post=17104"}],"version-history":[{"count":0,"href":"https:\/\/www.radioamigavallenar.cl\/index.php?rest_route=\/wp\/v2\/posts\/17104\/revisions"}],"wp:featuredmedia":[{"embeddable":true,"href":"https:\/\/www.radioamigavallenar.cl\/index.php?rest_route=\/wp\/v2\/media\/17105"}],"wp:attachment":[{"href":"https:\/\/www.radioamigavallenar.cl\/index.php?rest_route=%2Fwp%2Fv2%2Fmedia&parent=17104"}],"wp:term":[{"taxonomy":"category","embeddable":true,"href":"https:\/\/www.radioamigavallenar.cl\/index.php?rest_route=%2Fwp%2Fv2%2Fcategories&post=17104"},{"taxonomy":"post_tag","embeddable":true,"href":"https:\/\/www.radioamigavallenar.cl\/index.php?rest_route=%2Fwp%2Fv2%2Ftags&post=17104"}],"curies":[{"name":"wp","href":"https:\/\/api.w.org\/{rel}","templated":true}]}}