{"id":17084,"date":"2019-10-08T00:00:06","date_gmt":"2019-10-08T03:00:06","guid":{"rendered":"https:\/\/www.radioamigavallenar.cl\/?p=17084"},"modified":"2019-10-07T21:52:18","modified_gmt":"2019-10-08T00:52:18","slug":"diputado-noman-destaca-anuncio-del-presidente-de-una-politica-nacional-de-medicamentos","status":"publish","type":"post","link":"https:\/\/www.radioamigavallenar.cl\/?p=17084","title":{"rendered":"Diputado Noman destaca anuncio del Presidente de una Pol\u00edtica Nacional de Medicamentos"},"content":{"rendered":"\n<figure class=\"wp-block-image\"><img loading=\"lazy\" decoding=\"async\" width=\"1024\" height=\"683\" src=\"https:\/\/www.radioamigavallenar.cl\/wp-content\/uploads\/2019\/10\/30077720718_7eebc0b6cb_o-1024x683-1024x683.jpg\" alt=\"\" class=\"wp-image-17085\" srcset=\"https:\/\/www.radioamigavallenar.cl\/wp-content\/uploads\/2019\/10\/30077720718_7eebc0b6cb_o-1024x683.jpg 1024w, https:\/\/www.radioamigavallenar.cl\/wp-content\/uploads\/2019\/10\/30077720718_7eebc0b6cb_o-1024x683-300x200.jpg 300w, https:\/\/www.radioamigavallenar.cl\/wp-content\/uploads\/2019\/10\/30077720718_7eebc0b6cb_o-1024x683-768x512.jpg 768w\" sizes=\"auto, (max-width: 1024px) 100vw, 1024px\" \/><\/figure>\n\n\n\n<p>Como una \u201cgran noticia\u201d calific\u00f3 el diputado Nicol\u00e1s Noman el anuncio dada a conocer esta ma\u00f1ana por el Presidente de la Rep\u00fablica Sebasti\u00e1n Pi\u00f1era sobre una Pol\u00edtica Nacional de Medicamentos.<\/p>\n\n\n\n<p>\u201cLos remedios en Chile son caros, demasiado caros y eso tiene que cambiar. Es claro que hay responsabilidad de los laboratorios&nbsp; que a veces cobran m\u00e1s en Chile que en otros pa\u00edses y una clara responsabilidad de las farmacias, que a veces no cumplen la ley\u201d, dijo el parlamentario.<\/p>\n\n\n\n<p>Y es que a juicio del diputado, \u201ctenemos que hacer todos los esfuerzos para que el remedio no sea peor que la enfermedad. Por eso es importante que esta ley se impulse con un gran acuerdo en el Parlamento. Los objetivos son claros: facilitar el acceso, reducir el precio de los medicamentos y garantizar la calidad de los mismos\u201d.<\/p>\n\n\n\n<p>Las farmacias deber\u00e1n realizar un petitorio m\u00ednimo de bioequivalentes: de no hacerlo, se arriesgan a fuertes multas. \u201cM\u00e1s vale que lo piensen 10 veces, porque el castigo va a ser muy severo\u201d, dijo.<\/p>\n\n\n\n<p>La entrega de medicamentos a domicilio para personas con dependencia severa y que se controlan en centros de atenci\u00f3n primaria de salud. Este a\u00f1o se partir\u00e1 en 10 comunas del pa\u00eds: Antofagasta, La Serena, Coquimbo, Maip\u00fa, San Miguel, San Bernardo, La Florida, Puente Alto, Concepci\u00f3n y Temuco. A partir del pr\u00f3ximo a\u00f1o se eval\u00faa aplicar en todo el pa\u00eds.<\/p>\n\n\n\n<p>Se establecer\u00e1 la entrega directa de medicamentos a los Establecimientos de Larga Estad\u00eda para Adultos Mayores para llegar a los 14 existentes en el pa\u00eds en 2020.<\/p>\n\n\n\n<p>Esto dijo el legislador, porque \u201cEl SERNAC revela que la diferencia de precios entre remedios originales de marca y bioequivalentes llegan hasta los 181 mil pesos, lo que resulta una verdadera aberraci\u00f3n para el bolsillo de los chilenos\u201d.<\/p>\n\n\n\n<p>Por esta raz\u00f3n, el diputado Nicol\u00e1s Noman aplaudi\u00f3 este Pol\u00edtica Nacional de medicamentos y asegur\u00f3 que \u201ccomo parlamentarios debemos trabajar por construir un pa\u00eds m\u00e1s justo y digno para los chilenos\u201d, concluy\u00f3.<\/p>\n","protected":false},"excerpt":{"rendered":"<p>Como una \u201cgran noticia\u201d calific\u00f3 el diputado Nicol\u00e1s Noman el anuncio dada a conocer esta ma\u00f1ana por el Presidente de la Rep\u00fablica Sebasti\u00e1n Pi\u00f1era sobre&hellip; <\/p>\n","protected":false},"author":2,"featured_media":17085,"comment_status":"open","ping_status":"closed","sticky":false,"template":"","format":"standard","meta":{"footnotes":""},"categories":[7,37],"tags":[],"class_list":["post-17084","post","type-post","status-publish","format-standard","has-post-thumbnail","hentry","category-atacama","category-nacional"],"_links":{"self":[{"href":"https:\/\/www.radioamigavallenar.cl\/index.php?rest_route=\/wp\/v2\/posts\/17084","targetHints":{"allow":["GET"]}}],"collection":[{"href":"https:\/\/www.radioamigavallenar.cl\/index.php?rest_route=\/wp\/v2\/posts"}],"about":[{"href":"https:\/\/www.radioamigavallenar.cl\/index.php?rest_route=\/wp\/v2\/types\/post"}],"author":[{"embeddable":true,"href":"https:\/\/www.radioamigavallenar.cl\/index.php?rest_route=\/wp\/v2\/users\/2"}],"replies":[{"embeddable":true,"href":"https:\/\/www.radioamigavallenar.cl\/index.php?rest_route=%2Fwp%2Fv2%2Fcomments&post=17084"}],"version-history":[{"count":0,"href":"https:\/\/www.radioamigavallenar.cl\/index.php?rest_route=\/wp\/v2\/posts\/17084\/revisions"}],"wp:featuredmedia":[{"embeddable":true,"href":"https:\/\/www.radioamigavallenar.cl\/index.php?rest_route=\/wp\/v2\/media\/17085"}],"wp:attachment":[{"href":"https:\/\/www.radioamigavallenar.cl\/index.php?rest_route=%2Fwp%2Fv2%2Fmedia&parent=17084"}],"wp:term":[{"taxonomy":"category","embeddable":true,"href":"https:\/\/www.radioamigavallenar.cl\/index.php?rest_route=%2Fwp%2Fv2%2Fcategories&post=17084"},{"taxonomy":"post_tag","embeddable":true,"href":"https:\/\/www.radioamigavallenar.cl\/index.php?rest_route=%2Fwp%2Fv2%2Ftags&post=17084"}],"curies":[{"name":"wp","href":"https:\/\/api.w.org\/{rel}","templated":true}]}}