{"id":17081,"date":"2019-10-08T00:00:52","date_gmt":"2019-10-08T03:00:52","guid":{"rendered":"https:\/\/www.radioamigavallenar.cl\/?p=17081"},"modified":"2019-10-07T21:50:02","modified_gmt":"2019-10-08T00:50:02","slug":"pinera-no-vamos-a-permitir-que-las-farmacias-sigan-abusando-de-las-personas","status":"publish","type":"post","link":"https:\/\/www.radioamigavallenar.cl\/?p=17081","title":{"rendered":"Pi\u00f1era: No vamos a permitir que las farmacias sigan abusando de las personas"},"content":{"rendered":"\n<figure class=\"wp-block-image\"><img loading=\"lazy\" decoding=\"async\" width=\"1024\" height=\"577\" src=\"https:\/\/www.radioamigavallenar.cl\/wp-content\/uploads\/2019\/10\/foto_0000000120191007125139-1024x577.jpg\" alt=\"\" class=\"wp-image-17082\" srcset=\"https:\/\/www.radioamigavallenar.cl\/wp-content\/uploads\/2019\/10\/foto_0000000120191007125139-1024x577.jpg 1024w, https:\/\/www.radioamigavallenar.cl\/wp-content\/uploads\/2019\/10\/foto_0000000120191007125139-300x169.jpg 300w, https:\/\/www.radioamigavallenar.cl\/wp-content\/uploads\/2019\/10\/foto_0000000120191007125139-768x433.jpg 768w, https:\/\/www.radioamigavallenar.cl\/wp-content\/uploads\/2019\/10\/foto_0000000120191007125139.jpg 1128w\" sizes=\"auto, (max-width: 1024px) 100vw, 1024px\" \/><\/figure>\n\n\n\n<p><strong><em>El Presidente present\u00f3 la nueva Pol\u00edtica Nacional de Medicamentos, que exige que los comercios cuenten con un stock m\u00ednimo de bioequivalentes.<\/em><\/strong><\/p>\n\n\n\n<p>El Presidente<strong>\u00a0<\/strong>Sebasti\u00e1n Pi\u00f1era<strong>\u00a0<\/strong>present\u00f3 este lunes la<strong>\u00a0<\/strong>nueva Pol\u00edtica Nacional de Medicamentos, que consiste en\u00a030 medidas para facilitar el acceso\u00a0y asegurar la calidad de los productos.<\/p>\n\n\n\n<p>La normativa exige un\u00a0aumento del n\u00famero de\u00a0principios activos con bioequivalencia demostrada, educar a la poblaci\u00f3n para elegir estos productos y, fundamentalmente, que\u00a0las farmacias cuenten con un stock m\u00ednimo de bioequivalentes.<\/p>\n\n\n\n<p>El propio Mandatario emplaz\u00f3 a dichos comercios a tener una cantidad \u00absuficiente\u00bb de ese tipo de f\u00e1rmacos, \u00aby\u00a0las que no lo cumplan,\u00a0y lo quiero decir con mucha claridad,\u00a0m\u00e1s vale que lo piensen 10 veces,\u00a0porque el castigo va a ser muy severo\u00ab.<\/p>\n\n\n\n<p>\u00abNo vamos a permitir que a trav\u00e9s de distintos subterfugios sigan abusando de las personas\u00ab, sentenci\u00f3 el Jefe de Estado.<\/p>\n\n\n\n<p>En ese sentido, Pi\u00f1era hizo un\u00a0singular llamado al titular de Salud,\u00a0Jaime Ma\u00f1alich, para que ejecute el plan del Gobierno a la brevedad: \u00abcomo dijo Greta Thunberg:<strong>\u00a0ministro<\/strong>,<strong>\u00a0\u2018I\u2019ll be watching\u2019<\/strong>\u00a0(estar\u00e9 vigilando)\u00bb.<\/p>\n\n\n\n<p><strong><em>Oposici\u00f3n celebra \u00abvoluntad\u00bb del Gobierno<\/em><\/strong><\/p>\n\n\n\n<p>La pol\u00edtica tambi\u00e9n plantea elaborar un<strong>\u00a0<\/strong>reglamento para la venta electr\u00f3nica\u00a0de medicamentos, permitiendo mayor oferta y mayor competencia, y\u00a0actualizar la\u00a0Ley Ricarte Soto\u00a0y\u00a0poner\u00a0suma urgencia a la\u00a0Ley de F\u00e1rmacos II.<\/p>\n\n\n\n<p>Por lo anterior, el Presidente tambi\u00e9n<strong>\u00a0<\/strong>pidi\u00f3 celeridad en el tr\u00e1mite\u00a0de esas iniciativas\u00a0a los parlamentarios del oficialismo y la oposici\u00f3n que integran las comisiones de Salud, quienes asistieron a la actividad en el Palacio de La Moneda.<\/p>\n\n\n\n<p>El senador\u00a0Guido Girardi\u00a0(PPD) se\u00f1al\u00f3 que si bien casi todos los temas que plante\u00f3 el Mandatario son art\u00edculos de la Ley de F\u00e1rmacos 2,\u00a0\u00ablo que yo dije es que nobleza obliga\u00bb.<\/p>\n\n\n\n<p>\u00abDe verdad quiero<strong>\u00a0f<\/strong>elicitar al Presidente Pi\u00f1era por la voluntad que ha manifestado, porque yo en mi gobierno no logr\u00e9 el apoyo que hoy d\u00eda ha logrado el Presidente Pi\u00f1era\u00bb, expres\u00f3.<\/p>\n\n\n\n<p>En tanto,<strong>\u00a0<\/strong>Carolina Goic\u00a0(DC) coincidi\u00f3 con Pi\u00f1era al se\u00f1alar que \u00abaqu\u00ed partimos de enfrentar\u00a0una situaci\u00f3n de abuso que es intolerable. Los medicamentos no son un bien cualquiera, son imprescindibles\u00bb.<\/p>\n\n\n\n<p>\u00abLo importante es que (la pol\u00edtica) la saquemos adelante como ley, para darle la fuerza necesaria\u00bb, enfatiz\u00f3.<\/p>\n\n\n\n<p>El Gobierno tambi\u00e9n pretende\u00a0entregar medicamentos a domicilio a personas con dependencia; establecer importaci\u00f3n directa de f\u00e1rmacos, y\u00a0fraccionar los productos\u00a0para la necesidad de cada consumidor, de manera que solo adquieran lo que necesitan.<\/p>\n\n\n\n<p>Los plazos de implementaci\u00f3n var\u00edan, debido a que algunas son medidas administrativas que se van a implementar lo antes posible, mientras que otras, como la Ley de F\u00e1rmacos 2 y el seguro catastr\u00f3fico deben pasar por el Congreso.<\/p>\n","protected":false},"excerpt":{"rendered":"<p>El Presidente present\u00f3 la nueva Pol\u00edtica Nacional de Medicamentos, que exige que los comercios cuenten con un stock m\u00ednimo de bioequivalentes. El Presidente\u00a0Sebasti\u00e1n Pi\u00f1era\u00a0present\u00f3 este&hellip; <\/p>\n","protected":false},"author":2,"featured_media":17082,"comment_status":"open","ping_status":"closed","sticky":false,"template":"","format":"standard","meta":{"footnotes":""},"categories":[7,37],"tags":[],"class_list":["post-17081","post","type-post","status-publish","format-standard","has-post-thumbnail","hentry","category-atacama","category-nacional"],"_links":{"self":[{"href":"https:\/\/www.radioamigavallenar.cl\/index.php?rest_route=\/wp\/v2\/posts\/17081","targetHints":{"allow":["GET"]}}],"collection":[{"href":"https:\/\/www.radioamigavallenar.cl\/index.php?rest_route=\/wp\/v2\/posts"}],"about":[{"href":"https:\/\/www.radioamigavallenar.cl\/index.php?rest_route=\/wp\/v2\/types\/post"}],"author":[{"embeddable":true,"href":"https:\/\/www.radioamigavallenar.cl\/index.php?rest_route=\/wp\/v2\/users\/2"}],"replies":[{"embeddable":true,"href":"https:\/\/www.radioamigavallenar.cl\/index.php?rest_route=%2Fwp%2Fv2%2Fcomments&post=17081"}],"version-history":[{"count":0,"href":"https:\/\/www.radioamigavallenar.cl\/index.php?rest_route=\/wp\/v2\/posts\/17081\/revisions"}],"wp:featuredmedia":[{"embeddable":true,"href":"https:\/\/www.radioamigavallenar.cl\/index.php?rest_route=\/wp\/v2\/media\/17082"}],"wp:attachment":[{"href":"https:\/\/www.radioamigavallenar.cl\/index.php?rest_route=%2Fwp%2Fv2%2Fmedia&parent=17081"}],"wp:term":[{"taxonomy":"category","embeddable":true,"href":"https:\/\/www.radioamigavallenar.cl\/index.php?rest_route=%2Fwp%2Fv2%2Fcategories&post=17081"},{"taxonomy":"post_tag","embeddable":true,"href":"https:\/\/www.radioamigavallenar.cl\/index.php?rest_route=%2Fwp%2Fv2%2Ftags&post=17081"}],"curies":[{"name":"wp","href":"https:\/\/api.w.org\/{rel}","templated":true}]}}