{"id":1705,"date":"2016-07-27T11:54:12","date_gmt":"2016-07-27T14:54:12","guid":{"rendered":"http:\/\/www.radioamigavallenar.cl\/?p=1705"},"modified":"2016-07-27T11:54:12","modified_gmt":"2016-07-27T14:54:12","slug":"joven-buzo-pierde-la-vida-en-sector-de-punta-totoralillo-en-caldera","status":"publish","type":"post","link":"https:\/\/www.radioamigavallenar.cl\/?p=1705","title":{"rendered":"Joven buzo pierde la vida en sector de Punta Totoralillo en Caldera"},"content":{"rendered":"<p style=\"text-align: justify;\"><a href=\"http:\/\/www.radioamigavallenar.cl\/wp-content\/uploads\/2016\/07\/muerte-caldera.jpg\"><img loading=\"lazy\" decoding=\"async\" class=\" size-medium wp-image-1710 aligncenter\" src=\"http:\/\/www.radioamigavallenar.cl\/wp-content\/uploads\/2016\/07\/muerte-caldera-300x227.jpg\" alt=\"muerte caldera\" width=\"300\" height=\"227\" srcset=\"https:\/\/www.radioamigavallenar.cl\/wp-content\/uploads\/2016\/07\/muerte-caldera-300x227.jpg 300w, https:\/\/www.radioamigavallenar.cl\/wp-content\/uploads\/2016\/07\/muerte-caldera.jpg 700w\" sizes=\"auto, (max-width: 300px) 100vw, 300px\" \/><\/a><\/p>\n<p style=\"text-align: justify;\"><strong>Cerca de las 14 horas del martes fue hallado el cuerpo sin vida de un joven buzo mariscador identificado como Daniel Lillo Oportus, hecho ocurrido en el sector de Punta Totoralillo.<\/strong><\/p>\n<p style=\"text-align: justify;\">Seg\u00fan informaci\u00f3n del Fiscal de turno de la comuna <strong>J<span class=\"st\">uan Andr\u00e9s Shertzer,<\/span><\/strong><span class=\"st\">\u00a0 durante la ma\u00f1ana del martes, tres buzos mariscadores se internaron en las aguas del mencionado sector, dos de ellos con equipamiento completo de buceo, mientras que el tercero (Daniel Lillo), ingres\u00f3 al mar s\u00f3lo con un <span data-dobid=\"hdw\"><strong>snorkel<\/strong>, luego de algunas horas de faena de extracci\u00f3n, salieron los buzos del mar y no encontraron al joven, inici\u00e1ndose la busqueda por el sector,\u00a0 hasta encontrar su cuerpo <strong>flotando en las aguas,\u00a0 ya sin vida<\/strong>.\u00a0<\/span><\/span><\/p>\n<p style=\"text-align: justify;\"><span class=\"st\"><span data-dobid=\"hdw\">Los buzos dieron aviso a personal de la armada, tomando conocimiento de los hechos el Fiscal de turno, quien orden\u00f3 los empadronamientos\u00a0 y resguardo del sitio del suceso y\u00a0 la presencia de la Brigada de Homicidios de la Polic\u00eda de Investigaciones, tras ello se orden\u00f3 el traslado de cuerpo hasta el Servicio M\u00e9dico Legal de Copiap\u00f3.\u00a0<\/span><\/span><\/p>\n<p style=\"text-align: justify;\"><span class=\"st\"><span data-dobid=\"hdw\"><strong>Shertzer<\/strong> tom\u00f3 contacto con familiares del joven fallecido, indicando que por ahora la causa inicial de muerte ser\u00eda, asfixia por inmersi\u00f3n, pero ser\u00e1 la <span class=\"_Tgc\"><b>autopsia, la que permita aclarar la causa de muerte.<\/b><\/span><\/span><\/span><\/p>\n<p style=\"text-align: justify;\">\n<p style=\"text-align: justify;\">\n","protected":false},"excerpt":{"rendered":"<p>Cerca de las 14 horas del martes fue hallado el cuerpo sin vida de un joven buzo mariscador identificado como Daniel Lillo Oportus, hecho ocurrido&hellip; <\/p>\n","protected":false},"author":2,"featured_media":1710,"comment_status":"open","ping_status":"closed","sticky":false,"template":"","format":"standard","meta":{"footnotes":""},"categories":[6],"tags":[],"class_list":["post-1705","post","type-post","status-publish","format-standard","has-post-thumbnail","hentry","category-policial"],"_links":{"self":[{"href":"https:\/\/www.radioamigavallenar.cl\/index.php?rest_route=\/wp\/v2\/posts\/1705","targetHints":{"allow":["GET"]}}],"collection":[{"href":"https:\/\/www.radioamigavallenar.cl\/index.php?rest_route=\/wp\/v2\/posts"}],"about":[{"href":"https:\/\/www.radioamigavallenar.cl\/index.php?rest_route=\/wp\/v2\/types\/post"}],"author":[{"embeddable":true,"href":"https:\/\/www.radioamigavallenar.cl\/index.php?rest_route=\/wp\/v2\/users\/2"}],"replies":[{"embeddable":true,"href":"https:\/\/www.radioamigavallenar.cl\/index.php?rest_route=%2Fwp%2Fv2%2Fcomments&post=1705"}],"version-history":[{"count":0,"href":"https:\/\/www.radioamigavallenar.cl\/index.php?rest_route=\/wp\/v2\/posts\/1705\/revisions"}],"wp:featuredmedia":[{"embeddable":true,"href":"https:\/\/www.radioamigavallenar.cl\/index.php?rest_route=\/wp\/v2\/media\/1710"}],"wp:attachment":[{"href":"https:\/\/www.radioamigavallenar.cl\/index.php?rest_route=%2Fwp%2Fv2%2Fmedia&parent=1705"}],"wp:term":[{"taxonomy":"category","embeddable":true,"href":"https:\/\/www.radioamigavallenar.cl\/index.php?rest_route=%2Fwp%2Fv2%2Fcategories&post=1705"},{"taxonomy":"post_tag","embeddable":true,"href":"https:\/\/www.radioamigavallenar.cl\/index.php?rest_route=%2Fwp%2Fv2%2Ftags&post=1705"}],"curies":[{"name":"wp","href":"https:\/\/api.w.org\/{rel}","templated":true}]}}