{"id":17034,"date":"2019-10-05T00:00:52","date_gmt":"2019-10-05T03:00:52","guid":{"rendered":"https:\/\/www.radioamigavallenar.cl\/?p=17034"},"modified":"2019-10-04T23:47:58","modified_gmt":"2019-10-05T02:47:58","slug":"con-fiesta-astronomica-celebraran-llegada-del-planetario-movil-en-atacama","status":"publish","type":"post","link":"https:\/\/www.radioamigavallenar.cl\/?p=17034","title":{"rendered":"Con fiesta astron\u00f3mica celebrar\u00e1n llegada del planetario m\u00f3vil en Atacama"},"content":{"rendered":"\n<figure class=\"wp-block-image\"><img loading=\"lazy\" decoding=\"async\" width=\"730\" height=\"354\" src=\"https:\/\/www.radioamigavallenar.cl\/wp-content\/uploads\/2019\/10\/Astronom\u00eda.jpg\" alt=\"\" class=\"wp-image-17035\" srcset=\"https:\/\/www.radioamigavallenar.cl\/wp-content\/uploads\/2019\/10\/Astronom\u00eda.jpg 730w, https:\/\/www.radioamigavallenar.cl\/wp-content\/uploads\/2019\/10\/Astronom\u00eda-300x145.jpg 300w\" sizes=\"auto, (max-width: 730px) 100vw, 730px\" \/><\/figure>\n\n\n\n<p>El evento \u201cAtacama Mira Tu Cielo\u201d, que busca difundir la astronom\u00eda y otras ciencias, se realizar\u00e1 entre el 18 y 20 de octubre en Copiap\u00f3, para festejar la instalaci\u00f3n, de forma definitiva, de este moderno equipamiento en la regi\u00f3n.<\/p>\n\n\n\n<p>Tres d\u00edas de actividades gratuitas marcar\u00e1n la llegada del primer planetario que se instala, de forma permanente, en la Regi\u00f3n de Atacama. Charlas y talleres, dictados por reconocidos expertos, formar\u00e1n parte de \u201cAtacama Mira Tu Cielo\u201d, una fiesta que contar\u00e1 con cerca de 20 funciones, donde se proyectar\u00e1n piezas audiovisuales relacionadas con la astronom\u00eda y la ciencia.<\/p>\n\n\n\n<p>El domo planetario, que llegar\u00e1 a Copiap\u00f3 el 18 de octubre, es de origen estadounidense y cuenta con una capacidad de hasta 20 personas simult\u00e1neamente. Adquirido por el Gobierno Regional de Atacama \u2013con el apoyo de CONICYT, a trav\u00e9s de su Programa Regional- en el marco de la Temporada de Eclipses 2019-2020, este moderno equipamiento busca dar continuidad al auge astron\u00f3mico de la regi\u00f3n durante el eclipse total del sol de este a\u00f1o, que tuvo a esa zona como uno de sus epicentros. Las actividades que se realizar\u00e1n est\u00e1n dirigidas tanto p\u00fablico general, como a acad\u00e9micos, estudiantes y emprendedores del \u00e1rea de astroturismo.<\/p>\n\n\n\n<p>\u201cEn el gobierno del Presidente Pi\u00f1era queremos que la sociedad del conocimiento y la informaci\u00f3n, que es la cuarta revoluci\u00f3n tecnol\u00f3gica, sirva de motor para alcanzar el desarrollo. Por eso, queremos impulsar el acceso a la ciencia y masificar el inter\u00e9s por ella, por parte de las nuevas generaciones, quienes ser\u00e1n los l\u00edderes del futuro y, por tanto, los agentes de cambio. \u201cAtacama Mira Tu Cielo\u201d es un esfuerzo m\u00e1s del gobierno, junto al CORE, por promover la astronom\u00eda, de manera did\u00e1ctica, a los j\u00f3venes de la regi\u00f3n, e incentivarlos a ser parte del mundo cient\u00edfico\u201d, afirm\u00f3 el Intendente de la Regi\u00f3n de Atacama, Patricio Urquieta Garc\u00eda.<\/p>\n\n\n\n<p>La decisi\u00f3n del Gobierno Regional de Atacama, de ser el primero en el pa\u00eds en adquirir un planetario m\u00f3vil a trav\u00e9s de CONICYT, es un hito m\u00e1s en la alianza colaborativa entre ambas instituciones. La iniciativa fue financiada con recursos de la provisi\u00f3n del Fondo de Innovaci\u00f3n para la Competitividad.<\/p>\n\n\n\n<p>\u201cChile cuenta con cielos que son un verdadero laboratorio natural. Tenemos condiciones ventajosas que, de aqu\u00ed a 2025, nos har\u00e1n contar con dos tercios de la capacidad de observaci\u00f3n astron\u00f3mica a nivel mundial. Compartir este patrimonio con la ciudadan\u00eda es, justamente, uno de los objetivos de Atacama Mira Tu Cielo, proyecto conjunto entre CONICYT y el Gobierno Regional\u201d, explica la directora ejecutiva de la instituci\u00f3n, Ais\u00e9n Etcheverry.<\/p>\n\n\n\n<p>Las actividades, que incluyen la proyecci\u00f3n interactiva de constelaciones, planetas y lunas, adem\u00e1s de modelos 3D de estrellas y otros elementos, que permitir\u00e1n a los asistentes acercarse a las profundidades del cosmos, se iniciar\u00e1n el viernes 18 de octubre, a las 10:30 horas, con una ceremonia encabezada por las autoridades del GORE, CONICYT y de la Universidad de Atacama, donde se har\u00e1 la entrega oficial del planetario m\u00f3vil. Ser\u00e1n tres d\u00edas destinados a entregar conocimientos e incentivar a la comunidad de Atacama para seguir creciendo como un polo de desarrollo astron\u00f3mico, cient\u00edfico y tur\u00edstico, como ya ocurri\u00f3 durante el eclipse del 2019.<\/p>\n\n\n\n<p>\u201cAtacama Mira Tu Cielo\u201d se desarrollar\u00e1 en el Universidad de\u00a0Atacama, UDA, ubicada en Av. Copayapu 485<strong>.<\/strong><\/p>\n","protected":false},"excerpt":{"rendered":"<p>El evento \u201cAtacama Mira Tu Cielo\u201d, que busca difundir la astronom\u00eda y otras ciencias, se realizar\u00e1 entre el 18 y 20 de octubre en Copiap\u00f3,&hellip; <\/p>\n","protected":false},"author":2,"featured_media":17035,"comment_status":"open","ping_status":"closed","sticky":false,"template":"","format":"standard","meta":{"footnotes":""},"categories":[7],"tags":[],"class_list":["post-17034","post","type-post","status-publish","format-standard","has-post-thumbnail","hentry","category-atacama"],"_links":{"self":[{"href":"https:\/\/www.radioamigavallenar.cl\/index.php?rest_route=\/wp\/v2\/posts\/17034","targetHints":{"allow":["GET"]}}],"collection":[{"href":"https:\/\/www.radioamigavallenar.cl\/index.php?rest_route=\/wp\/v2\/posts"}],"about":[{"href":"https:\/\/www.radioamigavallenar.cl\/index.php?rest_route=\/wp\/v2\/types\/post"}],"author":[{"embeddable":true,"href":"https:\/\/www.radioamigavallenar.cl\/index.php?rest_route=\/wp\/v2\/users\/2"}],"replies":[{"embeddable":true,"href":"https:\/\/www.radioamigavallenar.cl\/index.php?rest_route=%2Fwp%2Fv2%2Fcomments&post=17034"}],"version-history":[{"count":0,"href":"https:\/\/www.radioamigavallenar.cl\/index.php?rest_route=\/wp\/v2\/posts\/17034\/revisions"}],"wp:featuredmedia":[{"embeddable":true,"href":"https:\/\/www.radioamigavallenar.cl\/index.php?rest_route=\/wp\/v2\/media\/17035"}],"wp:attachment":[{"href":"https:\/\/www.radioamigavallenar.cl\/index.php?rest_route=%2Fwp%2Fv2%2Fmedia&parent=17034"}],"wp:term":[{"taxonomy":"category","embeddable":true,"href":"https:\/\/www.radioamigavallenar.cl\/index.php?rest_route=%2Fwp%2Fv2%2Fcategories&post=17034"},{"taxonomy":"post_tag","embeddable":true,"href":"https:\/\/www.radioamigavallenar.cl\/index.php?rest_route=%2Fwp%2Fv2%2Ftags&post=17034"}],"curies":[{"name":"wp","href":"https:\/\/api.w.org\/{rel}","templated":true}]}}