{"id":17031,"date":"2019-10-05T00:00:45","date_gmt":"2019-10-05T03:00:45","guid":{"rendered":"https:\/\/www.radioamigavallenar.cl\/?p=17031"},"modified":"2019-10-04T23:46:02","modified_gmt":"2019-10-05T02:46:02","slug":"municipio-de-copiapo-y-ministerio-de-salud-inauguran-moderno-mamografo-digital","status":"publish","type":"post","link":"https:\/\/www.radioamigavallenar.cl\/?p=17031","title":{"rendered":"Municipio de Copiap\u00f3 y Ministerio de Salud inauguran moderno mam\u00f3grafo digital"},"content":{"rendered":"\n<figure class=\"wp-block-image\"><img loading=\"lazy\" decoding=\"async\" width=\"1024\" height=\"576\" src=\"https:\/\/www.radioamigavallenar.cl\/wp-content\/uploads\/2019\/10\/1024x576-1024x576.jpeg\" alt=\"\" class=\"wp-image-17032\" srcset=\"https:\/\/www.radioamigavallenar.cl\/wp-content\/uploads\/2019\/10\/1024x576.jpeg 1024w, https:\/\/www.radioamigavallenar.cl\/wp-content\/uploads\/2019\/10\/1024x576-300x169.jpeg 300w, https:\/\/www.radioamigavallenar.cl\/wp-content\/uploads\/2019\/10\/1024x576-768x432.jpeg 768w\" sizes=\"auto, (max-width: 1024px) 100vw, 1024px\" \/><\/figure>\n\n\n\n<p><strong><em>El equipamiento fue habilitado en el Centro de Salud Familiar Pedro Le\u00f3n Gallo.<\/em><\/strong><\/p>\n\n\n\n<p>En una ceremonia encabezada por el Alcalde de Copiap\u00f3 Marcos L\u00f3pez, el Intendente de Atacama Patricio Urquieta y el Subsecretario de Redes Asistenciales Arturo Z\u00fa\u00f1iga, este viernes se dio por inaugurado el primer mam\u00f3grafo digital de la atenci\u00f3n primaria de salud, herramienta vital para la detecci\u00f3n oportuna y prevenci\u00f3n del c\u00e1ncer de mama.<\/p>\n\n\n\n<p>junto con destacar el aporte que el equipo significa para la comunidad, el Alcalde L\u00f3pez, se\u00f1al\u00f3 \u201cpara nosotros es un paso muy importante porque nos permite poder ir consolidando paulatinamente lo que es modelo de salud familiar; que tiene como objetivo intentar que las personas que concurran a un centro de salud, alcancen el mayor porcentaje de satisfacci\u00f3n y soluci\u00f3n en la atenci\u00f3n primaria. Y creemos que este modelo se ha ido consolidando con este tipo de acciones y otras iniciativas que tenemos que seguir concretando junto al Gobierno y el Consejo Regional y de esta manera aumentar el nivel de resolutividad en la atenci\u00f3n\u201d.<\/p>\n\n\n\n<p>Con una inversi\u00f3n de 128 millones de pesos, el moderno equipamiento, entregado por el Ministerio de Salud y que fue habilitado en el Centro de Salud Familiar Pedro Le\u00f3n Gallo, permita cubrir una poblaci\u00f3n cercana a las 5000 mujeres, entre los 40 a 69 a\u00f1os de edad, las que tras una evaluaci\u00f3n previa podr\u00e1n realizarse el examen sin costo alguno.<\/p>\n\n\n\n<p>En esta l\u00ednea el Intendente de Atacama Patricio Urquieta, enfatiz\u00f3 \u201cen el marco de las principales prioridades de la gente como son aquellas enfermedades que tanto duelen, nosotros hoy d\u00eda estamos inaugurando un mamografo que forma parte tambi\u00e9n de los esfuerzos del Plan Nacional del C\u00e1ncer, impulsado por el Presidente Sebasti\u00e1n Pi\u00f1era, que finalmente busca es que podamos fortalecer tanto la prevenci\u00f3n, el diagn\u00f3stico oportuno, el tratamiento y la recuperaci\u00f3n.<\/p>\n\n\n\n<p>Cabe destacar que la municipalidad de Copiap\u00f3 realiz\u00f3 una importante inversi\u00f3n, de cerca de 20 millones de pesos para habilitar una sala que reuniera las condiciones de seguridad y confort que un equipo de estas caracter\u00edsticas necesita. A esto se le suma el capital humano que salvaguardaran su correcta utilizaci\u00f3n.<\/p>\n\n\n\n<p>Finalmente, el Subsecretario de Redes Asistencias Arturo Z\u00fa\u00f1iga, destac\u00f3 \u201ccon este mam\u00f3grafo se va poder dar atenci\u00f3n a m\u00e1s de 5 mil personas, para que puedan realizarse su examen preventivo de mama; el que hay que mantenerlo actualizado. Recodar que solo el 32% de las mujeres de esta regi\u00f3n lo tiene actualizado por lo tanto hacemos un llamado a que se acerquen dado que este equipo va poder dar una resolutividad bastante grande, ya que estar\u00e1 directamente conectada con el nuevo sistema de atenci\u00f3n de salud como lo es \u201cHospital Digital\u201d.<\/p>\n","protected":false},"excerpt":{"rendered":"<p>El equipamiento fue habilitado en el Centro de Salud Familiar Pedro Le\u00f3n Gallo. En una ceremonia encabezada por el Alcalde de Copiap\u00f3 Marcos L\u00f3pez, el&hellip; <\/p>\n","protected":false},"author":2,"featured_media":17032,"comment_status":"open","ping_status":"closed","sticky":false,"template":"","format":"standard","meta":{"footnotes":""},"categories":[7],"tags":[],"class_list":["post-17031","post","type-post","status-publish","format-standard","has-post-thumbnail","hentry","category-atacama"],"_links":{"self":[{"href":"https:\/\/www.radioamigavallenar.cl\/index.php?rest_route=\/wp\/v2\/posts\/17031","targetHints":{"allow":["GET"]}}],"collection":[{"href":"https:\/\/www.radioamigavallenar.cl\/index.php?rest_route=\/wp\/v2\/posts"}],"about":[{"href":"https:\/\/www.radioamigavallenar.cl\/index.php?rest_route=\/wp\/v2\/types\/post"}],"author":[{"embeddable":true,"href":"https:\/\/www.radioamigavallenar.cl\/index.php?rest_route=\/wp\/v2\/users\/2"}],"replies":[{"embeddable":true,"href":"https:\/\/www.radioamigavallenar.cl\/index.php?rest_route=%2Fwp%2Fv2%2Fcomments&post=17031"}],"version-history":[{"count":0,"href":"https:\/\/www.radioamigavallenar.cl\/index.php?rest_route=\/wp\/v2\/posts\/17031\/revisions"}],"wp:featuredmedia":[{"embeddable":true,"href":"https:\/\/www.radioamigavallenar.cl\/index.php?rest_route=\/wp\/v2\/media\/17032"}],"wp:attachment":[{"href":"https:\/\/www.radioamigavallenar.cl\/index.php?rest_route=%2Fwp%2Fv2%2Fmedia&parent=17031"}],"wp:term":[{"taxonomy":"category","embeddable":true,"href":"https:\/\/www.radioamigavallenar.cl\/index.php?rest_route=%2Fwp%2Fv2%2Fcategories&post=17031"},{"taxonomy":"post_tag","embeddable":true,"href":"https:\/\/www.radioamigavallenar.cl\/index.php?rest_route=%2Fwp%2Fv2%2Ftags&post=17031"}],"curies":[{"name":"wp","href":"https:\/\/api.w.org\/{rel}","templated":true}]}}