{"id":17026,"date":"2019-10-05T00:00:45","date_gmt":"2019-10-05T03:00:45","guid":{"rendered":"https:\/\/www.radioamigavallenar.cl\/?p=17026"},"modified":"2019-10-04T23:39:09","modified_gmt":"2019-10-05T02:39:09","slug":"un-muerto-deja-accidente-minero-en-la-region-de-atacama","status":"publish","type":"post","link":"https:\/\/www.radioamigavallenar.cl\/?p=17026","title":{"rendered":"Derrumbe en mina de Cha\u00f1aral deja un minero fallecido"},"content":{"rendered":"\n<figure class=\"wp-block-image\"><img loading=\"lazy\" decoding=\"async\" width=\"710\" height=\"399\" src=\"https:\/\/www.radioamigavallenar.cl\/wp-content\/uploads\/2019\/10\/file_20191004191256.jpg\" alt=\"\" class=\"wp-image-17029\" srcset=\"https:\/\/www.radioamigavallenar.cl\/wp-content\/uploads\/2019\/10\/file_20191004191256.jpg 710w, https:\/\/www.radioamigavallenar.cl\/wp-content\/uploads\/2019\/10\/file_20191004191256-300x169.jpg 300w\" sizes=\"auto, (max-width: 710px) 100vw, 710px\" \/><\/figure>\n\n\n\n<p><strong><em>El accidente se habr\u00eda producido a las 16:20 horas de la tarde de ayer viernes y a\u00fan se desconocen los motivos del desplome.<\/em><\/strong><\/p>\n\n\n\n<p>Un derrumbe al interior de la faena de la Mina Flor de Lirio, ubicada en el sector de Laguna Seca en la comuna de Diego de Almagro, dej\u00f3 a una persona fallecida, seg\u00fan informaci\u00f3n de la Oficina Nacional de Emergencia del Ministero del Interior (Onemi). <\/p>\n\n\n\n<p>El accidente se habr\u00eda producido cerca de las 16:20 horas de ayer viernes. A\u00fan se desconocen los motivos del derrumbe y en este momento personal de Sernageomin y de las instituciones de Protecci\u00f3n civil se encuentran trabajando en el lugar.<\/p>\n\n\n\n<p>El ministro de Miner\u00eda, Baldo Prokurica, lament\u00f3 el hecho en su cuenta de Twitter. \u00abLamentamos nuevo accidente minero en #DiegodeAlmagro, faena minera Flor de Lirio\u00bb. <\/p>\n\n\n\n<p>Sobre las medidas que han tomado respecto a algunos de los accidentes ocurridos en el \u00faltimo tiempo en el sector minero, el ministro se\u00f1al\u00f3 \u00abhemos estado trabajando con profesionales de @Sernageomin para evitar m\u00e1s accidentes en la industria, y hechos como este, nos hace redoblar los esfuerzos para evitar que sigan ocurriendo\u00bb.<\/p>\n\n\n\n<p>De acuerdo a nuevos antecedentes proporcionados por la Direcci\u00f3n Regional de Onemi Atacama y Sernageomin, se descarta la existencia de otras personas atrapadas al interior de la mina. Al momento personal especializados de Bomberos y Carabineros se encuentran coordinando las maniobras para sacar a la persona fallecida.<\/p>\n","protected":false},"excerpt":{"rendered":"<p>El accidente se habr\u00eda producido a las 16:20 horas de la tarde de ayer viernes y a\u00fan se desconocen los motivos del desplome. Un derrumbe&hellip; <\/p>\n","protected":false},"author":2,"featured_media":17029,"comment_status":"open","ping_status":"closed","sticky":false,"template":"","format":"standard","meta":{"footnotes":""},"categories":[7,34],"tags":[],"class_list":["post-17026","post","type-post","status-publish","format-standard","has-post-thumbnail","hentry","category-atacama","category-mineria"],"_links":{"self":[{"href":"https:\/\/www.radioamigavallenar.cl\/index.php?rest_route=\/wp\/v2\/posts\/17026","targetHints":{"allow":["GET"]}}],"collection":[{"href":"https:\/\/www.radioamigavallenar.cl\/index.php?rest_route=\/wp\/v2\/posts"}],"about":[{"href":"https:\/\/www.radioamigavallenar.cl\/index.php?rest_route=\/wp\/v2\/types\/post"}],"author":[{"embeddable":true,"href":"https:\/\/www.radioamigavallenar.cl\/index.php?rest_route=\/wp\/v2\/users\/2"}],"replies":[{"embeddable":true,"href":"https:\/\/www.radioamigavallenar.cl\/index.php?rest_route=%2Fwp%2Fv2%2Fcomments&post=17026"}],"version-history":[{"count":0,"href":"https:\/\/www.radioamigavallenar.cl\/index.php?rest_route=\/wp\/v2\/posts\/17026\/revisions"}],"wp:featuredmedia":[{"embeddable":true,"href":"https:\/\/www.radioamigavallenar.cl\/index.php?rest_route=\/wp\/v2\/media\/17029"}],"wp:attachment":[{"href":"https:\/\/www.radioamigavallenar.cl\/index.php?rest_route=%2Fwp%2Fv2%2Fmedia&parent=17026"}],"wp:term":[{"taxonomy":"category","embeddable":true,"href":"https:\/\/www.radioamigavallenar.cl\/index.php?rest_route=%2Fwp%2Fv2%2Fcategories&post=17026"},{"taxonomy":"post_tag","embeddable":true,"href":"https:\/\/www.radioamigavallenar.cl\/index.php?rest_route=%2Fwp%2Fv2%2Ftags&post=17026"}],"curies":[{"name":"wp","href":"https:\/\/api.w.org\/{rel}","templated":true}]}}