{"id":17014,"date":"2019-10-05T00:00:29","date_gmt":"2019-10-05T03:00:29","guid":{"rendered":"https:\/\/www.radioamigavallenar.cl\/?p=17014"},"modified":"2019-10-04T20:03:06","modified_gmt":"2019-10-04T23:03:06","slug":"senador-prohens-celebra-anuncio-de-postergacion-de-remates-de-patentes-mineras","status":"publish","type":"post","link":"https:\/\/www.radioamigavallenar.cl\/?p=17014","title":{"rendered":"Senador Prohens celebra anuncio de postergaci\u00f3n de remates de patentes mineras"},"content":{"rendered":"\n<figure class=\"wp-block-image\"><img loading=\"lazy\" decoding=\"async\" width=\"750\" height=\"400\" src=\"https:\/\/www.radioamigavallenar.cl\/wp-content\/uploads\/2019\/10\/09.57.48.png\" alt=\"\" class=\"wp-image-17015\" srcset=\"https:\/\/www.radioamigavallenar.cl\/wp-content\/uploads\/2019\/10\/09.57.48.png 750w, https:\/\/www.radioamigavallenar.cl\/wp-content\/uploads\/2019\/10\/09.57.48-300x160.png 300w\" sizes=\"auto, (max-width: 750px) 100vw, 750px\" \/><\/figure>\n\n\n\n<p><strong><em>Tras solicitar mediante oficio al Ministerio de Miner\u00eda la postergaci\u00f3n de remates de pertinencias mineras impagas, el ministro de Hacienda, Felipe Larra\u00edn confirm\u00f3 que se llevar\u00e1 a cabo el proceso.&nbsp;<\/em><\/strong><\/p>\n\n\n\n<p>El parlamentario por Atacama, Rafael Prohens aplaudi\u00f3 la decisi\u00f3n por parte del Gobierno de aplazar el remate de las patentes mineras impagas. \u201cEra justo y necesario, pero sabemos que este \u2018perdonazo\u2019 es exclusivamente dado el escenario que enfrenta econom\u00eda local\u201d se\u00f1al\u00f3 Prohens.<\/p>\n\n\n\n<p>En esa misma l\u00ednea, Prohens agreg\u00f3 que, seg\u00fan inform\u00f3 Hacienda, se efectuar\u00e1 el proceso d\u00f3nde los deudores tendr\u00e1n 120 d\u00edas para realizar el pago y regularizar su situaci\u00f3n, pasado ese plazo, tendr\u00e1n que asumir la p\u00e9rdida de su patente minera.&nbsp;<\/p>\n\n\n\n<p>Uno de las peticiones que le realiz\u00f3 Prohens a ambas carteras, fue que los morosos se puedan acoger al programa que lanz\u00f3 hace unas semanas atr\u00e1s el ministerio de Hacienda, que condona los intereses y multas por deudas tributarias. Lo anterior, seg\u00fan confirma Larra\u00edn, fue aceptado y los mineros podr\u00e1n acceder a un convenio de pago a trav\u00e9s de Tesorer\u00eda.<\/p>\n\n\n\n<p>\u201cEn primer lugar deben firmar el convenio de pago de la deuda en la Tesorer\u00eda General de la Rep\u00fablica\u201d enfatiz\u00f3 el senador y se\u00f1al\u00f3 la importancia de aprovechar los d\u00edas del nuevo plazo y evitar el remate de la patente.&nbsp;<\/p>\n\n\n\n<p>Finalmente, el legislador celebra con mayor fuerza la decisi\u00f3n, dado que desde el 21 de agosto ha insistido en darle celeridad a la gesti\u00f3n por parte del gobierno para que se aplazara el remate.&nbsp;&nbsp;<\/p>\n","protected":false},"excerpt":{"rendered":"<p>Tras solicitar mediante oficio al Ministerio de Miner\u00eda la postergaci\u00f3n de remates de pertinencias mineras impagas, el ministro de Hacienda, Felipe Larra\u00edn confirm\u00f3 que se&hellip; <\/p>\n","protected":false},"author":2,"featured_media":17015,"comment_status":"open","ping_status":"closed","sticky":false,"template":"","format":"standard","meta":{"footnotes":""},"categories":[7],"tags":[],"class_list":["post-17014","post","type-post","status-publish","format-standard","has-post-thumbnail","hentry","category-atacama"],"_links":{"self":[{"href":"https:\/\/www.radioamigavallenar.cl\/index.php?rest_route=\/wp\/v2\/posts\/17014","targetHints":{"allow":["GET"]}}],"collection":[{"href":"https:\/\/www.radioamigavallenar.cl\/index.php?rest_route=\/wp\/v2\/posts"}],"about":[{"href":"https:\/\/www.radioamigavallenar.cl\/index.php?rest_route=\/wp\/v2\/types\/post"}],"author":[{"embeddable":true,"href":"https:\/\/www.radioamigavallenar.cl\/index.php?rest_route=\/wp\/v2\/users\/2"}],"replies":[{"embeddable":true,"href":"https:\/\/www.radioamigavallenar.cl\/index.php?rest_route=%2Fwp%2Fv2%2Fcomments&post=17014"}],"version-history":[{"count":0,"href":"https:\/\/www.radioamigavallenar.cl\/index.php?rest_route=\/wp\/v2\/posts\/17014\/revisions"}],"wp:featuredmedia":[{"embeddable":true,"href":"https:\/\/www.radioamigavallenar.cl\/index.php?rest_route=\/wp\/v2\/media\/17015"}],"wp:attachment":[{"href":"https:\/\/www.radioamigavallenar.cl\/index.php?rest_route=%2Fwp%2Fv2%2Fmedia&parent=17014"}],"wp:term":[{"taxonomy":"category","embeddable":true,"href":"https:\/\/www.radioamigavallenar.cl\/index.php?rest_route=%2Fwp%2Fv2%2Fcategories&post=17014"},{"taxonomy":"post_tag","embeddable":true,"href":"https:\/\/www.radioamigavallenar.cl\/index.php?rest_route=%2Fwp%2Fv2%2Ftags&post=17014"}],"curies":[{"name":"wp","href":"https:\/\/api.w.org\/{rel}","templated":true}]}}