{"id":1691,"date":"2016-07-26T14:14:14","date_gmt":"2016-07-26T17:14:14","guid":{"rendered":"http:\/\/www.radioamigavallenar.cl\/?p=1691"},"modified":"2016-07-26T14:14:14","modified_gmt":"2016-07-26T17:14:14","slug":"un-232-de-la-poblacion-adulta-de-la-region-de-atacama-se-encuentra-en-situacion-de-discapacidad","status":"publish","type":"post","link":"https:\/\/www.radioamigavallenar.cl\/?p=1691","title":{"rendered":"Un 23,2% de la poblaci\u00f3n adulta de la regi\u00f3n de Atacama se encuentra en situaci\u00f3n de discapacidad"},"content":{"rendered":"<p style=\"text-align: justify;\"><a href=\"http:\/\/www.radioamigavallenar.cl\/wp-content\/uploads\/2016\/07\/discapacidad.jpg\"><img loading=\"lazy\" decoding=\"async\" class=\" size-medium wp-image-1692 aligncenter\" src=\"http:\/\/www.radioamigavallenar.cl\/wp-content\/uploads\/2016\/07\/discapacidad-300x169.jpg\" alt=\"discapacidad\" width=\"300\" height=\"169\" srcset=\"https:\/\/www.radioamigavallenar.cl\/wp-content\/uploads\/2016\/07\/discapacidad-300x169.jpg 300w, https:\/\/www.radioamigavallenar.cl\/wp-content\/uploads\/2016\/07\/discapacidad.jpg 700w\" sizes=\"auto, (max-width: 300px) 100vw, 300px\" \/><\/a><\/p>\n<p style=\"text-align: justify;\">Cumpliendo con uno de los compromisos de Gobierno de la Presidenta Michelle Bachelet, el Ministerio de Desarrollo Social y Senadis presentaron los resultados regionales del Segundo Estudio Nacional de la Discapacidad en un Encuentro Regional que cont\u00f3 con la participaci\u00f3n de representantes de organizaciones sociales vinculadas a la tem\u00e1tica.<\/p>\n<p style=\"text-align: justify;\">El estudio es una radiograf\u00eda completa del pa\u00eds que permitir\u00e1 desarrollar pol\u00edticas p\u00fablicas pertinentes en materia de inclusi\u00f3n social para las personas en situaci\u00f3n de discapacidad. Ha contado con apoyo de la Organizaci\u00f3n Mundial de la Salud y es primera vez que se aplica a nivel pa\u00eds y ser\u00e1 un referente en materia de discapacidad en los estudios que se aplicar\u00e1n en Am\u00e9rica y el resto del mundo para tener estad\u00edsticas comparables.<\/p>\n<p style=\"text-align: justify;\">En este contexto, la Directora Nacional (s) de Senadis, Viviana \u00c1vila, destac\u00f3 que el \u201cestudio se ha adecuado a los est\u00e1ndares internacionales basado en la Clasificaci\u00f3n Internacional del Funcionamiento de la Discapacidad y la Salud (CIF), con enfoque de Derechos Humanos de acuerdo a lo establecido por la Convenci\u00f3n de las Naciones Unidas sobre los Derechos de las Personas con Discapacidad, ratificado por Chile a\u00f1o 2008\u201d.<\/p>\n<p style=\"text-align: justify;\">\u201cHemos incluido la participaci\u00f3n de las organizaciones sociales y tambi\u00e9n los temas que ellos han relevado como importantes a preguntar. Junto a eso, est\u00e1 la asesor\u00eda de la Organizaci\u00f3n Mundial de la Salud que coloca este Estudio con est\u00e1ndares internacionales\u201d, concluy\u00f3 la autoridad nacional.<\/p>\n<p style=\"text-align: justify;\">El Seremi de Desarrollo Social, Antonio Urbina, dijo que \u201cel enfoque nos permite medir tanto discapacidad como los niveles de desempe\u00f1o; es decir, c\u00f3mo se relacionan al interior de la sociedad las personas en situaci\u00f3n de discapacidad. El estudio da cuenta de una realidad social que viven las personas en situaci\u00f3n de discapacidad y esa realidad social nos permitir\u00e1 un mejor dise\u00f1o de pol\u00edticas p\u00fablicas para nuestra regi\u00f3n\u201d.<\/p>\n<p style=\"text-align: justify;\"><strong>Resultados regionales del II Estudio Nacional de la Discapacidad<\/strong><\/p>\n<p style=\"text-align: justify;\">El segundo estudio entreg\u00f3 que el 23,2% de la poblaci\u00f3n adulta de la regi\u00f3n de Atacama \u00a0se encuentra en situaci\u00f3n de discapacidad, proporci\u00f3n m\u00e1s alta que el promedio nacional (20%), de los cuales el 11,9% presenta discapacidad leve a moderada y el 11,3% discapacidad severa.<\/p>\n<p style=\"text-align: justify;\">Adem\u00e1s, un 31% de las mujeres adultas en la regi\u00f3n se encuentra en situaci\u00f3n de discapacidad, mientras que en el caso del universo de los hombres adultos un 15,3%. En el caso de la regi\u00f3n de Atacama podemos inferir que se mantiene la tendencia nacional que establece que en las mujeres hay mayor prevalencia de discapacidad comparado con los hombres.<\/p>\n<p style=\"text-align: justify;\">El estudio revel\u00f3 que respecto del tramo etario de 18 a 44 a\u00f1os, un 10,7% se encuentra en situaci\u00f3n de discapacidad, en el tramo de 45 a 59 a\u00f1os un 32,4%, y un 35,6% de la poblaci\u00f3n de 60 a\u00f1os y m\u00e1s se encuentra en situaci\u00f3n de discapacidad.<\/p>\n<p style=\"text-align: justify;\">En tanto, en materia laboral, la poblaci\u00f3n que participa del mercado laboral, es decir que est\u00e1 disponible para trabajar (ocupado o desocupado) en la poblaci\u00f3n en situaci\u00f3n de discapacidad es un 54,1%, comparado a un 73,6% de la poblaci\u00f3n sin situaci\u00f3n de discapacidad. Un 56,3% de la poblaci\u00f3n en situaci\u00f3n de discapacidad severa est\u00e1 inactivo, es decir que no trabaja y que no est\u00e1 buscando empleo por diferentes razones, mientras que un 36,1% de la poblaci\u00f3n en situaci\u00f3n de discapacidad leve a moderada se encuentra en esta condici\u00f3n, a diferencia de un 26,4% en la poblaci\u00f3n sin situaci\u00f3n de discapacidad.<\/p>\n<p style=\"text-align: justify;\">En Educaci\u00f3n, podemos comparar los a\u00f1os de escolaridad de la poblaci\u00f3n adulta de la regi\u00f3n, donde la poblaci\u00f3n sin situaci\u00f3n de discapacidad tiene 12 a\u00f1os promedio de escolaridad, mientras que la poblaci\u00f3n en situaci\u00f3n de discapacidad 9 a\u00f1os promedio. Adem\u00e1s, es posible evidenciar que s\u00f3lo el 60,7% de la poblaci\u00f3n en situaci\u00f3n de discapacidad ha completado la educaci\u00f3n media, a diferencia de 83,9% de la poblaci\u00f3n sin situaci\u00f3n de discapacidad.<\/p>\n<p style=\"text-align: justify;\">Finalmente, el estudio arroj\u00f3 que un 82% de la poblaci\u00f3n en situaci\u00f3n de discapacidad se atiende por Fonasa.<\/p>\n","protected":false},"excerpt":{"rendered":"<p>Cumpliendo con uno de los compromisos de Gobierno de la Presidenta Michelle Bachelet, el Ministerio de Desarrollo Social y Senadis presentaron los resultados regionales del&hellip; <\/p>\n","protected":false},"author":2,"featured_media":1692,"comment_status":"open","ping_status":"closed","sticky":false,"template":"","format":"standard","meta":{"footnotes":""},"categories":[7],"tags":[],"class_list":["post-1691","post","type-post","status-publish","format-standard","has-post-thumbnail","hentry","category-atacama"],"_links":{"self":[{"href":"https:\/\/www.radioamigavallenar.cl\/index.php?rest_route=\/wp\/v2\/posts\/1691","targetHints":{"allow":["GET"]}}],"collection":[{"href":"https:\/\/www.radioamigavallenar.cl\/index.php?rest_route=\/wp\/v2\/posts"}],"about":[{"href":"https:\/\/www.radioamigavallenar.cl\/index.php?rest_route=\/wp\/v2\/types\/post"}],"author":[{"embeddable":true,"href":"https:\/\/www.radioamigavallenar.cl\/index.php?rest_route=\/wp\/v2\/users\/2"}],"replies":[{"embeddable":true,"href":"https:\/\/www.radioamigavallenar.cl\/index.php?rest_route=%2Fwp%2Fv2%2Fcomments&post=1691"}],"version-history":[{"count":0,"href":"https:\/\/www.radioamigavallenar.cl\/index.php?rest_route=\/wp\/v2\/posts\/1691\/revisions"}],"wp:featuredmedia":[{"embeddable":true,"href":"https:\/\/www.radioamigavallenar.cl\/index.php?rest_route=\/wp\/v2\/media\/1692"}],"wp:attachment":[{"href":"https:\/\/www.radioamigavallenar.cl\/index.php?rest_route=%2Fwp%2Fv2%2Fmedia&parent=1691"}],"wp:term":[{"taxonomy":"category","embeddable":true,"href":"https:\/\/www.radioamigavallenar.cl\/index.php?rest_route=%2Fwp%2Fv2%2Fcategories&post=1691"},{"taxonomy":"post_tag","embeddable":true,"href":"https:\/\/www.radioamigavallenar.cl\/index.php?rest_route=%2Fwp%2Fv2%2Ftags&post=1691"}],"curies":[{"name":"wp","href":"https:\/\/api.w.org\/{rel}","templated":true}]}}