{"id":1683,"date":"2016-07-26T14:07:17","date_gmt":"2016-07-26T17:07:17","guid":{"rendered":"http:\/\/www.radioamigavallenar.cl\/?p=1683"},"modified":"2016-07-26T14:07:17","modified_gmt":"2016-07-26T17:07:17","slug":"diputada-provoste-encabezo-taller-de-eficiencia-energetica-en-huasco","status":"publish","type":"post","link":"https:\/\/www.radioamigavallenar.cl\/?p=1683","title":{"rendered":"Diputada Provoste encabez\u00f3 Taller de Eficiencia Energ\u00e9tica en Huasco"},"content":{"rendered":"<p style=\"text-align: justify;\"><a href=\"http:\/\/www.radioamigavallenar.cl\/wp-content\/uploads\/2016\/07\/FullSizeRender.jpg\"><img loading=\"lazy\" decoding=\"async\" class=\" size-medium wp-image-1684 aligncenter\" src=\"http:\/\/www.radioamigavallenar.cl\/wp-content\/uploads\/2016\/07\/FullSizeRender-300x225.jpg\" alt=\"FullSizeRender\" width=\"300\" height=\"225\" srcset=\"https:\/\/www.radioamigavallenar.cl\/wp-content\/uploads\/2016\/07\/FullSizeRender-300x225.jpg 300w, https:\/\/www.radioamigavallenar.cl\/wp-content\/uploads\/2016\/07\/FullSizeRender.jpg 700w\" sizes=\"auto, (max-width: 300px) 100vw, 300px\" \/><\/a><\/p>\n<p style=\"text-align: justify;\">La presidenta de la Comisi\u00f3n de Miner\u00eda y Energ\u00eda de la C\u00e1mara de Diputados, Yasna Provoste, se reuni\u00f3 con los adultos mayores del Club Hermanas \u00c1ngeles en la parroquia San Pedro Ap\u00f3stol y particip\u00f3 de una capacitaci\u00f3n de eficiencia energ\u00e9tica impulsada por el Gobierno, adem\u00e1s de explicar el Proyecto de Ley de equidad tarifaria.<\/p>\n<p style=\"text-align: justify;\">\u00abJunto al diputado Gabriel Silver presentamos una indicaci\u00f3n al proyecto de equidad tarifaria que elimina el cobro por corte y reposici\u00f3n. Si una familia no alcanza a reunir el dinero de su cuenta de luz y debe enfrentar el castigo de un corte, dif\u00edcilmente podr\u00e1 asumir, adem\u00e1s, el cobro por corte y reposici\u00f3n. Las distribuidoras deber\u00e1n buscar un mecanismo para hacerse responsable del costo\u00bb, explic\u00f3 la legisladora.<\/p>\n<p style=\"text-align: justify;\">Asimismo, afirm\u00f3 que la rebaja en Huasco alcanzar\u00e1 un 17,6% y que se ver\u00e1 reflejado en las cuentas de luz entre noviembre y diciembre de este a\u00f1o.<\/p>\n<p style=\"text-align: justify;\">Finalmente, a cada adulto mayor se les entreg\u00f3 un certificado y un kit de cuatro ampolletas de ahorro energ\u00e9tico, que en el mercado alcanzan un costo de hasta $7.000.<\/p>\n","protected":false},"excerpt":{"rendered":"<p>La presidenta de la Comisi\u00f3n de Miner\u00eda y Energ\u00eda de la C\u00e1mara de Diputados, Yasna Provoste, se reuni\u00f3 con los adultos mayores del Club Hermanas&hellip; <\/p>\n","protected":false},"author":2,"featured_media":1684,"comment_status":"open","ping_status":"closed","sticky":false,"template":"","format":"standard","meta":{"footnotes":""},"categories":[4],"tags":[],"class_list":["post-1683","post","type-post","status-publish","format-standard","has-post-thumbnail","hentry","category-huasco"],"_links":{"self":[{"href":"https:\/\/www.radioamigavallenar.cl\/index.php?rest_route=\/wp\/v2\/posts\/1683","targetHints":{"allow":["GET"]}}],"collection":[{"href":"https:\/\/www.radioamigavallenar.cl\/index.php?rest_route=\/wp\/v2\/posts"}],"about":[{"href":"https:\/\/www.radioamigavallenar.cl\/index.php?rest_route=\/wp\/v2\/types\/post"}],"author":[{"embeddable":true,"href":"https:\/\/www.radioamigavallenar.cl\/index.php?rest_route=\/wp\/v2\/users\/2"}],"replies":[{"embeddable":true,"href":"https:\/\/www.radioamigavallenar.cl\/index.php?rest_route=%2Fwp%2Fv2%2Fcomments&post=1683"}],"version-history":[{"count":0,"href":"https:\/\/www.radioamigavallenar.cl\/index.php?rest_route=\/wp\/v2\/posts\/1683\/revisions"}],"wp:featuredmedia":[{"embeddable":true,"href":"https:\/\/www.radioamigavallenar.cl\/index.php?rest_route=\/wp\/v2\/media\/1684"}],"wp:attachment":[{"href":"https:\/\/www.radioamigavallenar.cl\/index.php?rest_route=%2Fwp%2Fv2%2Fmedia&parent=1683"}],"wp:term":[{"taxonomy":"category","embeddable":true,"href":"https:\/\/www.radioamigavallenar.cl\/index.php?rest_route=%2Fwp%2Fv2%2Fcategories&post=1683"},{"taxonomy":"post_tag","embeddable":true,"href":"https:\/\/www.radioamigavallenar.cl\/index.php?rest_route=%2Fwp%2Fv2%2Ftags&post=1683"}],"curies":[{"name":"wp","href":"https:\/\/api.w.org\/{rel}","templated":true}]}}