{"id":16827,"date":"2019-09-28T00:13:25","date_gmt":"2019-09-28T03:13:25","guid":{"rendered":"https:\/\/www.radioamigavallenar.cl\/?p=16827"},"modified":"2019-09-28T00:13:26","modified_gmt":"2019-09-28T03:13:26","slug":"sernatur-atacama-desarrolla-mesa-de-capital-humano-en-el-marco-del-dia-mundial-del-turismo","status":"publish","type":"post","link":"https:\/\/www.radioamigavallenar.cl\/?p=16827","title":{"rendered":"Sernatur Atacama desarrolla mesa de capital humano en el marco del D\u00eda Mundial del Turismo"},"content":{"rendered":"\n<figure class=\"wp-block-image\"><img loading=\"lazy\" decoding=\"async\" width=\"750\" height=\"400\" src=\"https:\/\/www.radioamigavallenar.cl\/wp-content\/uploads\/2019\/09\/sernatur-mesa.jpg\" alt=\"\" class=\"wp-image-16828\" srcset=\"https:\/\/www.radioamigavallenar.cl\/wp-content\/uploads\/2019\/09\/sernatur-mesa.jpg 750w, https:\/\/www.radioamigavallenar.cl\/wp-content\/uploads\/2019\/09\/sernatur-mesa-300x160.jpg 300w\" sizes=\"auto, (max-width: 750px) 100vw, 750px\" \/><\/figure>\n\n\n\n<p><strong>Buscan levantar necesidades de capacitaci\u00f3n y potencialidades del sector.<\/strong><\/p>\n\n\n\n<p>\u201cTurismo y Empleo: un futuro mejor para todos\u201d, fue el lema establecido este a\u00f1o por la Organizaci\u00f3n Mundial del Turismo, para conmemorar el aniversario del sector este 27 de septiembre. Es por esto que desde la Subsecretar\u00eda de Turismo y Sernatur se han realizado diversas instancias que permitan potenciar y poner en valor este concepto.<\/p>\n\n\n\n<p>Es en este contexto que desde la Direcci\u00f3n Regional de Sernatur Atacama reuni\u00f3 a los representantes del sector p\u00fablico y privado de la regi\u00f3n, para participar de la Mesa de Capital Humano Tur\u00edstico, con el fin de identificar las brechas en el desarrollo del capital humano tur\u00edstico local, y por lo tanto en el importante camino a la excelencia en la calidad y hospitalidad.<\/p>\n\n\n\n<p>En la ocasi\u00f3n se entregaron antecedentes de las Mesas de Capital Humano de los a\u00f1os 2017 y 2018, como base de trabajo, donde se evidencian grandes oportunidades de mejora en capacitaci\u00f3n y perfeccionamiento al sector tur\u00edstico, en \u00e1mbitos como formaci\u00f3n de gu\u00edas tur\u00edsticos, a personal de atenci\u00f3n de p\u00fablico y en el \u00e1rea de transporte, entre otros.<\/p>\n\n\n\n<p>En esta l\u00ednea, y a trav\u00e9s del trabajo por grupos, se trataron tem\u00e1ticas para el mejoramiento de las brechas en \u00e1reas como el mercado tur\u00edstico, conciencia y hospitalidad, comercializaci\u00f3n y digitalizaci\u00f3n, marketing, adem\u00e1s de las propuestas de los participantes, donde tambi\u00e9n se busca generar alianzas estrat\u00e9gicas para reducir las brechas existentes en el mercado.<\/p>\n\n\n\n<p>Al respecto, el Director de Sernatur Atacama, detall\u00f3 que \u201cpara dar un salto exponencial en el desarrollo tur\u00edstico de nuestra regi\u00f3n, debemos trabajar arduamente en el fortalecimiento de nuestro capital humano, focalizando los esfuerzos para obtener resultados concretos en el corto y mediano plazo, al menos, en las \u00e1reas de trabajo que nos permitan superar las expectativas de los turistas que visiten la regi\u00f3n\u201d.<\/p>\n\n\n\n<p>Por su parte el seremi de Econom\u00eda Fomento y Turismo de Atacama, Manuel Nanjar\u00ed, destac\u00f3 que \u201cel turismo es una industria virtuosa, que se caracteriza por su capacidad de generar riqueza y oportunidades laborales, por ello, en este D\u00eda Mundial del Turismo desde el Gobierno del Presidente Sebasti\u00e1n Pi\u00f1era queremos visibilizar la gran capacidad generadora de empleo que esta industria tiene y la enorme posibilidad de oportunidades laborales que entrega a sectores de la poblaci\u00f3n como los j\u00f3venes y las mujeres\u201d.<\/p>\n\n\n\n<p>\u201cHoy nuestros esfuerzos est\u00e1n orientados a lograr que se apruebe el proyecto presentado al Fondo Nacional de Desarrollo Regional (FNDR), con el que buscamos y estamos comprometidos en disminuir estas brechas en capacitaci\u00f3n y perfeccionamiento del capital humano en turismo\u201d, agreg\u00f3 el l\u00edder de la cartera de econom\u00eda en la regi\u00f3n.<\/p>\n\n\n\n<p>Asimismo, el director regional de turismo detall\u00f3 que \u201chemos potenciado una serie de actividades en torno a la capacitaci\u00f3n y certificaci\u00f3n de competencias laborales en perfiles de hoteler\u00eda, gu\u00eda de turismo, agente de viajes entre otros. As\u00ed mismo, hemos levantado diagn\u00f3sticos participativos de necesidades de formaci\u00f3n en ense\u00f1anza media t\u00e9cnico profesional y superior en beneficio de los futuros trabajadores y t\u00e9cnicos del mercado, sin embargo, a\u00fan hay desaf\u00edos pendientes que esperamos minimizar obteniendo los recursos necesarios para ello\u201d.<\/p>\n\n\n\n<p>En la jornada participo el Director Regional de Sence, V\u00edctor Nieto, quien destac\u00f3 la instancia, adem\u00e1s de la gerente de la Asociacion de Turismo Atacama, Daniela Grego, representantes de las carreras vinculadas de Inacap y UST, adem\u00e1s de gremios y representantes de los servicios tur\u00edsticos regionales.<\/p>\n\n\n\n<p>\u201cPara nosotros es muy importante participar en esta mesa de trabajo liderada por Sernatur y que busca disminuir las brechas existentes en el capital humano de la industria tur\u00edstica regional. Como Corfo pondremos a disposici\u00f3n nuestros instrumentos para contribuir a fortalecer las competencias del sector\u201d, se\u00f1al\u00f3 la directora regional de Corfo, Silvia Zuleta.<\/p>\n","protected":false},"excerpt":{"rendered":"<p>Buscan levantar necesidades de capacitaci\u00f3n y potencialidades del sector. \u201cTurismo y Empleo: un futuro mejor para todos\u201d, fue el lema establecido este a\u00f1o por la&hellip; <\/p>\n","protected":false},"author":2,"featured_media":16828,"comment_status":"open","ping_status":"closed","sticky":false,"template":"","format":"standard","meta":{"footnotes":""},"categories":[7],"tags":[],"class_list":["post-16827","post","type-post","status-publish","format-standard","has-post-thumbnail","hentry","category-atacama"],"_links":{"self":[{"href":"https:\/\/www.radioamigavallenar.cl\/index.php?rest_route=\/wp\/v2\/posts\/16827","targetHints":{"allow":["GET"]}}],"collection":[{"href":"https:\/\/www.radioamigavallenar.cl\/index.php?rest_route=\/wp\/v2\/posts"}],"about":[{"href":"https:\/\/www.radioamigavallenar.cl\/index.php?rest_route=\/wp\/v2\/types\/post"}],"author":[{"embeddable":true,"href":"https:\/\/www.radioamigavallenar.cl\/index.php?rest_route=\/wp\/v2\/users\/2"}],"replies":[{"embeddable":true,"href":"https:\/\/www.radioamigavallenar.cl\/index.php?rest_route=%2Fwp%2Fv2%2Fcomments&post=16827"}],"version-history":[{"count":0,"href":"https:\/\/www.radioamigavallenar.cl\/index.php?rest_route=\/wp\/v2\/posts\/16827\/revisions"}],"wp:featuredmedia":[{"embeddable":true,"href":"https:\/\/www.radioamigavallenar.cl\/index.php?rest_route=\/wp\/v2\/media\/16828"}],"wp:attachment":[{"href":"https:\/\/www.radioamigavallenar.cl\/index.php?rest_route=%2Fwp%2Fv2%2Fmedia&parent=16827"}],"wp:term":[{"taxonomy":"category","embeddable":true,"href":"https:\/\/www.radioamigavallenar.cl\/index.php?rest_route=%2Fwp%2Fv2%2Fcategories&post=16827"},{"taxonomy":"post_tag","embeddable":true,"href":"https:\/\/www.radioamigavallenar.cl\/index.php?rest_route=%2Fwp%2Fv2%2Ftags&post=16827"}],"curies":[{"name":"wp","href":"https:\/\/api.w.org\/{rel}","templated":true}]}}