{"id":16824,"date":"2019-09-28T00:11:24","date_gmt":"2019-09-28T03:11:24","guid":{"rendered":"https:\/\/www.radioamigavallenar.cl\/?p=16824"},"modified":"2019-09-28T00:11:26","modified_gmt":"2019-09-28T03:11:26","slug":"comunidad-participa-en-primer-taller-sobre-estrategias-de-desarrollo-regional","status":"publish","type":"post","link":"https:\/\/www.radioamigavallenar.cl\/?p=16824","title":{"rendered":"Comunidad participa en primer taller sobre Estrategias de Desarrollo Regional"},"content":{"rendered":"\n<figure class=\"wp-block-image\"><img loading=\"lazy\" decoding=\"async\" width=\"750\" height=\"400\" src=\"https:\/\/www.radioamigavallenar.cl\/wp-content\/uploads\/2019\/09\/freirina-erda.jpg\" alt=\"\" class=\"wp-image-16825\" srcset=\"https:\/\/www.radioamigavallenar.cl\/wp-content\/uploads\/2019\/09\/freirina-erda.jpg 750w, https:\/\/www.radioamigavallenar.cl\/wp-content\/uploads\/2019\/09\/freirina-erda-300x160.jpg 300w\" sizes=\"auto, (max-width: 750px) 100vw, 750px\" \/><\/figure>\n\n\n\n<p><strong>En dependencias del sal\u00f3n principal del Edificio Los Portales, se desarroll\u00f3 el Primer taller comunal de la construcci\u00f3n de la estrategia regional de desarrollo de Atacama ERDA 2030.<\/strong><\/p>\n\n\n\n<p>La actividad cont\u00f3 con la presencia de autoridades locales, funcionarios y funcionarias municipales, vecinos y representantes de organizaciones sociales de la comuna.<\/p>\n\n\n\n<p>Al respecto el Alcalde Cesar Orellana valor\u00f3 la actividad toda vez que se trata de pensar en el futuro de la comuna, c\u00f3mo se proyecta, cu\u00e1les son las principales aspiraciones, destacando adem\u00e1s el compromiso de los presentes en trabajar bajo los lineamientos planteados y propuestos por la Universidad de Atacama.<\/p>\n","protected":false},"excerpt":{"rendered":"<p>En dependencias del sal\u00f3n principal del Edificio Los Portales, se desarroll\u00f3 el Primer taller comunal de la construcci\u00f3n de la estrategia regional de desarrollo de&hellip; <\/p>\n","protected":false},"author":2,"featured_media":16825,"comment_status":"open","ping_status":"closed","sticky":false,"template":"","format":"standard","meta":{"footnotes":""},"categories":[3],"tags":[],"class_list":["post-16824","post","type-post","status-publish","format-standard","has-post-thumbnail","hentry","category-freirina"],"_links":{"self":[{"href":"https:\/\/www.radioamigavallenar.cl\/index.php?rest_route=\/wp\/v2\/posts\/16824","targetHints":{"allow":["GET"]}}],"collection":[{"href":"https:\/\/www.radioamigavallenar.cl\/index.php?rest_route=\/wp\/v2\/posts"}],"about":[{"href":"https:\/\/www.radioamigavallenar.cl\/index.php?rest_route=\/wp\/v2\/types\/post"}],"author":[{"embeddable":true,"href":"https:\/\/www.radioamigavallenar.cl\/index.php?rest_route=\/wp\/v2\/users\/2"}],"replies":[{"embeddable":true,"href":"https:\/\/www.radioamigavallenar.cl\/index.php?rest_route=%2Fwp%2Fv2%2Fcomments&post=16824"}],"version-history":[{"count":0,"href":"https:\/\/www.radioamigavallenar.cl\/index.php?rest_route=\/wp\/v2\/posts\/16824\/revisions"}],"wp:featuredmedia":[{"embeddable":true,"href":"https:\/\/www.radioamigavallenar.cl\/index.php?rest_route=\/wp\/v2\/media\/16825"}],"wp:attachment":[{"href":"https:\/\/www.radioamigavallenar.cl\/index.php?rest_route=%2Fwp%2Fv2%2Fmedia&parent=16824"}],"wp:term":[{"taxonomy":"category","embeddable":true,"href":"https:\/\/www.radioamigavallenar.cl\/index.php?rest_route=%2Fwp%2Fv2%2Fcategories&post=16824"},{"taxonomy":"post_tag","embeddable":true,"href":"https:\/\/www.radioamigavallenar.cl\/index.php?rest_route=%2Fwp%2Fv2%2Ftags&post=16824"}],"curies":[{"name":"wp","href":"https:\/\/api.w.org\/{rel}","templated":true}]}}