{"id":16821,"date":"2019-09-28T00:09:57","date_gmt":"2019-09-28T03:09:57","guid":{"rendered":"https:\/\/www.radioamigavallenar.cl\/?p=16821"},"modified":"2019-09-28T00:09:58","modified_gmt":"2019-09-28T03:09:58","slug":"con-una-masiva-asistencia-se-realizo-seminario-sobre-seguridad-vial-y-acceso-a-la-justicia-en-la-uda","status":"publish","type":"post","link":"https:\/\/www.radioamigavallenar.cl\/?p=16821","title":{"rendered":"Con una masiva asistencia se realiz\u00f3 seminario sobre Seguridad Vial y Acceso a la Justicia en la UDA"},"content":{"rendered":"\n<figure class=\"wp-block-image\"><img loading=\"lazy\" decoding=\"async\" width=\"750\" height=\"400\" src=\"https:\/\/www.radioamigavallenar.cl\/wp-content\/uploads\/2019\/09\/uda-seminario.jpg\" alt=\"\" class=\"wp-image-16822\" srcset=\"https:\/\/www.radioamigavallenar.cl\/wp-content\/uploads\/2019\/09\/uda-seminario.jpg 750w, https:\/\/www.radioamigavallenar.cl\/wp-content\/uploads\/2019\/09\/uda-seminario-300x160.jpg 300w\" sizes=\"auto, (max-width: 750px) 100vw, 750px\" \/><\/figure>\n\n\n\n<p><strong>En el Campus R\u00f3mulo J. Pe\u00f1a de la Universidad de Atacama (UDA) y con una importante concurrencia, se llev\u00f3 a cabo Seminario sobre Seguridad Vial y Acceso a la Justicia, por parte del Departamento de Educaci\u00f3n Parvularia en alianza con la Fundaci\u00f3n Emilia.<\/strong><\/p>\n\n\n\n<p>Con el auditorio del nuevo edificio de la Facultad de Humanidades y Educaci\u00f3n repleto, se llev\u00f3 a cabo ayer mi\u00e9rcoles, el Seminario Denominado \u201cSeguridad Vial y Acceso a la Justicia: Un Desaf\u00edo Vigente\u201d, iniciativa financiada por el Fondo de Fortalecimiento a Organizaciones de Inter\u00e9s P\u00fablico (FFOIP) del Ministerio Secretar\u00eda General de Gobierno (Segegob) y que organizaron en conjunto, el Departamento de Educaci\u00f3n Parvularia de la Universidad de Atacama y la Fundaci\u00f3n Emilia.<\/p>\n\n\n\n<p>La presidenta de dicha Fundaci\u00f3n, Dra. Carolina Figueroa Cerna, explic\u00f3 que \u201c\u00e9ste es un seminario que realizamos en el marco de un proyecto financiado por la Secretar\u00eda General de Gobierno y tuvo como fin entregar elementos para un buen proceso de justicia, b\u00e1sicamente el seminario permiti\u00f3 en un lenguaje ciudadano, claro transparente, entregar algunos elementos para enfrentar una causa penal\u201d.<\/p>\n\n\n\n<p>\u201cNosotros prestamos ayuda jur\u00eddica y psicol\u00f3gica, a trav\u00e9s de un convenio vigente con los centros de atenci\u00f3n a v\u00edctimas del delito; adem\u00e1s hemos realizado un seguimiento de las causas, lo que nos permite saber en qu\u00e9 estado est\u00e1n y cu\u00e1les van a ser las secuencia de acciones de acciones que va a pedir el fiscal, lo que nos permite entonces empezar a evaluar qu\u00e9 acciones tomar con respecto a la causa en s\u00ed\u201d detall\u00f3 Carolina Figueroa.<\/p>\n\n\n\n<p>Carolina Figueroa aclar\u00f3 que la organizaci\u00f3n asesora a v\u00edctimas de delitos relacionados con la conducci\u00f3n irresponsable de veh\u00edculos motorizados: \u201cVemos causales de conducci\u00f3n en estado de ebriedad con resultado de fallecimiento y fuga, que son las que est\u00e1n bajo la Ley Emilia y a ra\u00edz de la promulgaci\u00f3n de la Ley de Convivencia Vial, tambi\u00e9n est\u00e1n llegando muchos casos de atropellos por la aplicaci\u00f3n de la nueva ley\u201d.<\/p>\n\n\n\n<p><strong>EDUCACI\u00d3N PARVULARIA<\/strong><\/p>\n\n\n\n<p>En cuanto al actual panorama en relaci\u00f3n a estas materias, la Dra., Figueroa coment\u00f3 que \u201clas cifras no son las mejores, tuvimos un 25% de conductores que fueron sancionados por ir bajo los efectos de la droga., creo que es un dato preocupante, por eso quisimos venir a la regi\u00f3n y quisimos hacer esta alianza con el Departamento de Educaci\u00f3n Parvularia, para generar conciencia desde la primera infancia de las responsabilidades que se tienen frente a la ciudadan\u00eda. Creo que \u00e9stas son las instancias, en donde podemos formar a las nuevas generaciones y por eso es tan importante que la Universidad de Atacama apoye este tipo de instancias con la Educaci\u00f3n Parvularia para generar buenos ciudadanos\u201d, recalc\u00f3.<\/p>\n\n\n\n<p>Patricia Sasso Orellana, Directora del Departamento de Educaci\u00f3n Parvularia de la UDA expres\u00f3 que el trabajo conjunto con la Fundaci\u00f3n Emilia se viene desarrollando con anterioridad. \u201cHemos establecido una alianza estrat\u00e9gica, desde hace bastante tiempo que nos ha favorecido, en tanto los procesos de ense\u00f1anza aprendizaje de nuestros estudiantes y tambi\u00e9n potenciar la conciencia que tienen que tener nuestras educadoras en formaci\u00f3n para transmitir a los ni\u00f1os, en el contexto de la importancia de formar a los ni\u00f1os en la conciencia ciudadana desde la m\u00e1s temprana edad\u201d.<\/p>\n\n\n\n<p>La acad\u00e9mica reflexion\u00f3 que \u201csi nosotros logramos con los ni\u00f1os peque\u00f1os formar ciudadanos responsables, emp\u00e1ticos comprometidos con el proyecto pa\u00eds que tenemos, vamos a tener la posibilidad de poder preservar el pa\u00eds y hacer una educaci\u00f3n m\u00e1s sostenida\u201d.<\/p>\n\n\n\n<p>Sasso coment\u00f3 seguidamente que \u201cen el contexto de la Educaci\u00f3n Parvularia y en el contexto de la ley 20.911 se establece que cada uno de los niveles educativos tiene que fomentar la educaci\u00f3n ciudadana, de hecho en Educaci\u00f3n Parvularia, a trav\u00e9s de la subsecretar\u00eda de Educaci\u00f3n Parvularia, existen orientaciones para la elaboraci\u00f3n de planes de formaci\u00f3n ciudadana, asever\u00f3 la directora del Departamento de Educaci\u00f3n Parvularia de la Universidad de Atacama.<\/p>\n","protected":false},"excerpt":{"rendered":"<p>En el Campus R\u00f3mulo J. Pe\u00f1a de la Universidad de Atacama (UDA) y con una importante concurrencia, se llev\u00f3 a cabo Seminario sobre Seguridad Vial&hellip; <\/p>\n","protected":false},"author":2,"featured_media":16822,"comment_status":"open","ping_status":"closed","sticky":false,"template":"","format":"standard","meta":{"footnotes":""},"categories":[7],"tags":[],"class_list":["post-16821","post","type-post","status-publish","format-standard","has-post-thumbnail","hentry","category-atacama"],"_links":{"self":[{"href":"https:\/\/www.radioamigavallenar.cl\/index.php?rest_route=\/wp\/v2\/posts\/16821","targetHints":{"allow":["GET"]}}],"collection":[{"href":"https:\/\/www.radioamigavallenar.cl\/index.php?rest_route=\/wp\/v2\/posts"}],"about":[{"href":"https:\/\/www.radioamigavallenar.cl\/index.php?rest_route=\/wp\/v2\/types\/post"}],"author":[{"embeddable":true,"href":"https:\/\/www.radioamigavallenar.cl\/index.php?rest_route=\/wp\/v2\/users\/2"}],"replies":[{"embeddable":true,"href":"https:\/\/www.radioamigavallenar.cl\/index.php?rest_route=%2Fwp%2Fv2%2Fcomments&post=16821"}],"version-history":[{"count":0,"href":"https:\/\/www.radioamigavallenar.cl\/index.php?rest_route=\/wp\/v2\/posts\/16821\/revisions"}],"wp:featuredmedia":[{"embeddable":true,"href":"https:\/\/www.radioamigavallenar.cl\/index.php?rest_route=\/wp\/v2\/media\/16822"}],"wp:attachment":[{"href":"https:\/\/www.radioamigavallenar.cl\/index.php?rest_route=%2Fwp%2Fv2%2Fmedia&parent=16821"}],"wp:term":[{"taxonomy":"category","embeddable":true,"href":"https:\/\/www.radioamigavallenar.cl\/index.php?rest_route=%2Fwp%2Fv2%2Fcategories&post=16821"},{"taxonomy":"post_tag","embeddable":true,"href":"https:\/\/www.radioamigavallenar.cl\/index.php?rest_route=%2Fwp%2Fv2%2Ftags&post=16821"}],"curies":[{"name":"wp","href":"https:\/\/api.w.org\/{rel}","templated":true}]}}