{"id":16818,"date":"2019-09-28T00:06:52","date_gmt":"2019-09-28T03:06:52","guid":{"rendered":"https:\/\/www.radioamigavallenar.cl\/?p=16818"},"modified":"2019-09-28T00:06:53","modified_gmt":"2019-09-28T03:06:53","slug":"conmemoran-el-dia-mundial-del-turismo-destacando-a-quienes-trabajan-en-el-sector","status":"publish","type":"post","link":"https:\/\/www.radioamigavallenar.cl\/?p=16818","title":{"rendered":"Conmemoran el d\u00eda Mundial del Turismo destacando a quienes trabajan en el sector"},"content":{"rendered":"\n<figure class=\"wp-block-image\"><img loading=\"lazy\" decoding=\"async\" width=\"960\" height=\"532\" src=\"https:\/\/www.radioamigavallenar.cl\/wp-content\/uploads\/2019\/09\/DMT_1.jpg\" alt=\"\" class=\"wp-image-16819\" srcset=\"https:\/\/www.radioamigavallenar.cl\/wp-content\/uploads\/2019\/09\/DMT_1.jpg 960w, https:\/\/www.radioamigavallenar.cl\/wp-content\/uploads\/2019\/09\/DMT_1-300x166.jpg 300w, https:\/\/www.radioamigavallenar.cl\/wp-content\/uploads\/2019\/09\/DMT_1-768x426.jpg 768w\" sizes=\"auto, (max-width: 960px) 100vw, 960px\" \/><\/figure>\n\n\n\n<ul class=\"wp-block-list\"><li><em><strong>Con una novedosa intervenci\u00f3n se dieron a conocer \u201cLas caras del turismo\u201d.<\/strong><\/em><\/li><\/ul>\n\n\n\n<p>Como cada a\u00f1o, 27 de septiembre se conmemor\u00f3 el D\u00eda Mundial del Turismo, instaurado como tal en 1980 por la Asamblea General de la Organizaci\u00f3n Mundial de Turismo (OMT), con el objetivo de concientizar a la comunidad internacional acerca de los m\u00faltiples beneficios de esta industria, en aspectos sociales, culturales, pol\u00edticos y econ\u00f3micos.<\/p>\n\n\n\n<p>Este a\u00f1o el lema\nestablecido por OMT fue \u201cTurismo y Empleo: un futuro mejor para todos\u201d, por lo\nque desde la Subsecretar\u00eda de Turismo y Sernatur se realizaron diversas actividades\npara destacar a quienes trabajan en el rubro y hacen posible su desarrollo.<\/p>\n\n\n\n<p>Es\nas\u00ed como con una innovadora intervenci\u00f3n denominada \u201cLas caras del Turismo\u201d, en\nSernatur Atacama dieron a conocer los rostros de quienes trabajan hace a\u00f1os en\nturismo o que est\u00e1n comenzando en esto y que pocas veces son reconocidos, como recepcionistas,\nmucamas, botones, informadores y gu\u00edas tur\u00edsticos, agencias de turismo,\ngarzones, chefs, artesanos, vendedores de souvenirs, entro otros.<\/p>\n\n\n\n<p>La\nceremonia estuvo encabezada por el Intendente de Atacama, Patricio Urquieta,\nquien afirm\u00f3 que \u201cqueremos fortalecer el crecimiento econ\u00f3mico de las regiones,\nporque esto permite que haya m\u00e1s recursos y por lo tanto m\u00e1s oportunidad de\ndesarrollo de actividades en virtud del turismo y, por otra parte, potenciar\nlos lugares que tenemos como bellezas indiscutibles a nivel mundial, aprovechar\nlos beneficios de la tecnolog\u00eda para volverla visible y mejorar la\ninfraestructura regional del borde costero, para tener mejor accesibilidad y\nrecibir a nuevos turistas, y por ultimo incentivar la asociatividad, que es una\nde las grandes tareas que tenemos para lograr el objetivo del Presidente\nPi\u00f1era, de transformar el sector tur\u00edstico en una actividad econ\u00f3mica pujante,\nque se sume a la miner\u00eda, la agricultura y las actividades econ\u00f3micas de la\nregi\u00f3n\u201d.<\/p>\n\n\n\n<p>Durante la ceremonia, el seremi de Econom\u00eda, Fomento y\nTurismo, Manuel Nanjar\u00ed, asegur\u00f3 que \u201cel Presidente Sebasti\u00e1n Pi\u00f1era nos ha\npedido diversificar la matriz productiva y el turismo ocupa un eje central en\naquello y por lo tanto el esfuerzo que estamos haciendo desde el Gobierno\nRegional, el Intendente y nuestros parlamentarios es apostar por el rubro y\nsobre todo por la presentaci\u00f3n de este proyecto FNDR, para dar un salto\ncuantitativo y cualitativo para convertirlo en un motor de desarrollo\necon\u00f3mico. <\/p>\n\n\n\n<p>\u201cEstamos esperanzados en que este esfuerzo que estamos\nhaciendo como Gobierno tambi\u00e9n se traduzca en mejores oportunidades para la\ngente, y sobre todo para los tours operadores y mundo privado, los cuales\ncontribuyen que en mostrar nuestra regi\u00f3n hacia el mundo. El d\u00eda de hoy solo\nagradecerles por su trabajo y por colocar en lo m\u00e1s alto a la regi\u00f3n de\nAtacama\u201d, agreg\u00f3 la autoridad.<\/p>\n\n\n\n<p>Por\nsu parte, el director de Sernatur Atacama, Alejandro Martin, detall\u00f3 que \u201choy\nen todo el mundo y en todo el pa\u00eds se est\u00e1 conmemorando el D\u00eda Mundial del\nTurismo y en esta oportunidad hemos querido poner en valor a las caras del\nturismo, por eso quiero destacar a todos los que hacen que en nuestra regi\u00f3n\npodamos avanzar y trabajar para diversificar la matriz productiva a trav\u00e9s del\nturismo. Porque no s\u00f3lo estamos convencidos de los innumerables atractivos de\nlos destinos de nuestra regi\u00f3n, sino que tambi\u00e9n estamos trabajando en\ndesarrollar una oferta concreta y que en el corto y mediano plazo podamos\ncontar con los recursos necesarios para posicionarnos como un destino de\nexcelencia tanto a nivel nacional, como internacional\u201d. <\/p>\n\n\n\n<p>La conmemoraci\u00f3n cont\u00f3 con la presencia de autoridades como la\nGoberadora de Copiap\u00f3, Paulina Bassaure; el diputado Nicol\u00e1s Noman; el\npresidente del Consejo Regional, Javier Castillo; seremis de Gobierno,\nDesarrollo Social, Hacienda, directores de servicios, gremios del turismo,\nservicios tur\u00edsticos, CCIRA, estudiantes de carreras asociadas y los actores\nelegidos para representar a toda la actividad tur\u00edstica de la regi\u00f3n, entre\notros.<\/p>\n\n\n\n<p><strong>Las caras del turismo<\/strong><\/p>\n\n\n\n<p>Uno de los rostros representativos del turismo fue el gu\u00eda y\ntour operador Roberto Vergara, de Copayaputravel, quien manifest\u00f3 que \u201cpara nosotros\nes super importante porque dentro de los actores del turismo somos de la\nprimera l\u00ednea de quienes reciben a los pasajeros. Tenemos muy claro lo\nimportante que es el trabajo que genera el turismo y lo importante que son los\ntrabajadores para el crecimiento de esta actividad econ\u00f3mica, en una regi\u00f3n\npujante como Atacama, por eso siempre hemos estado dispuestos a las actividades\nque incentiven el reconocimiento de los actores de la actividad tur\u00edstica y por\nsupuesto impulsamos que utilicen servicios tur\u00edsticos registrados en Sernatur,\npara conocer de buena manera nuestra regi\u00f3n\u201d.<\/p>\n","protected":false},"excerpt":{"rendered":"<p>Con una novedosa intervenci\u00f3n se dieron a conocer \u201cLas caras del turismo\u201d. Como cada a\u00f1o, 27 de septiembre se conmemor\u00f3 el D\u00eda Mundial del Turismo,&hellip; <\/p>\n","protected":false},"author":2,"featured_media":16819,"comment_status":"open","ping_status":"closed","sticky":false,"template":"","format":"standard","meta":{"footnotes":""},"categories":[7],"tags":[],"class_list":["post-16818","post","type-post","status-publish","format-standard","has-post-thumbnail","hentry","category-atacama"],"_links":{"self":[{"href":"https:\/\/www.radioamigavallenar.cl\/index.php?rest_route=\/wp\/v2\/posts\/16818","targetHints":{"allow":["GET"]}}],"collection":[{"href":"https:\/\/www.radioamigavallenar.cl\/index.php?rest_route=\/wp\/v2\/posts"}],"about":[{"href":"https:\/\/www.radioamigavallenar.cl\/index.php?rest_route=\/wp\/v2\/types\/post"}],"author":[{"embeddable":true,"href":"https:\/\/www.radioamigavallenar.cl\/index.php?rest_route=\/wp\/v2\/users\/2"}],"replies":[{"embeddable":true,"href":"https:\/\/www.radioamigavallenar.cl\/index.php?rest_route=%2Fwp%2Fv2%2Fcomments&post=16818"}],"version-history":[{"count":0,"href":"https:\/\/www.radioamigavallenar.cl\/index.php?rest_route=\/wp\/v2\/posts\/16818\/revisions"}],"wp:featuredmedia":[{"embeddable":true,"href":"https:\/\/www.radioamigavallenar.cl\/index.php?rest_route=\/wp\/v2\/media\/16819"}],"wp:attachment":[{"href":"https:\/\/www.radioamigavallenar.cl\/index.php?rest_route=%2Fwp%2Fv2%2Fmedia&parent=16818"}],"wp:term":[{"taxonomy":"category","embeddable":true,"href":"https:\/\/www.radioamigavallenar.cl\/index.php?rest_route=%2Fwp%2Fv2%2Fcategories&post=16818"},{"taxonomy":"post_tag","embeddable":true,"href":"https:\/\/www.radioamigavallenar.cl\/index.php?rest_route=%2Fwp%2Fv2%2Ftags&post=16818"}],"curies":[{"name":"wp","href":"https:\/\/api.w.org\/{rel}","templated":true}]}}