{"id":1672,"date":"2016-07-25T12:14:18","date_gmt":"2016-07-25T15:14:18","guid":{"rendered":"http:\/\/www.radioamigavallenar.cl\/?p=1672"},"modified":"2016-07-25T12:14:18","modified_gmt":"2016-07-25T15:14:18","slug":"autor-de-robo-a-vivienda-de-caldera-debera-cumplir-pena-efectiva-de-carcel","status":"publish","type":"post","link":"https:\/\/www.radioamigavallenar.cl\/?p=1672","title":{"rendered":"Autor de robo a vivienda de Caldera deber\u00e1 cumplir pena efectiva de c\u00e1rcel"},"content":{"rendered":"<p style=\"text-align: justify;\"><a href=\"http:\/\/www.radioamigavallenar.cl\/wp-content\/uploads\/2016\/07\/CALDERA.jpg\"><img loading=\"lazy\" decoding=\"async\" class=\" size-medium wp-image-1673 aligncenter\" src=\"http:\/\/www.radioamigavallenar.cl\/wp-content\/uploads\/2016\/07\/CALDERA-300x200.jpg\" alt=\"CALDERA\" width=\"300\" height=\"200\" srcset=\"https:\/\/www.radioamigavallenar.cl\/wp-content\/uploads\/2016\/07\/CALDERA-300x200.jpg 300w, https:\/\/www.radioamigavallenar.cl\/wp-content\/uploads\/2016\/07\/CALDERA.jpg 700w\" sizes=\"auto, (max-width: 300px) 100vw, 300px\" \/><\/a><\/p>\n<p style=\"text-align: justify;\">Una pena efectiva de c\u00e1rcel por el delito de robo en lugar habitado obtuvo la Fiscal\u00eda de Atacama. Esto luego de indagar los hechos que se cometieron en el mes de noviembre del a\u00f1o pasado cuando el imputado de esta causa ingres\u00f3 a una casa ubicada en la calle La Paz del puerto.<\/p>\n<p style=\"text-align: justify;\">Los antecedentes reunidos en la carpeta investigativa de este caso fueron presentados ante los Jueces de la Tercera Sala del mencionado Tribunal por el fiscal adjunto Juan Andr\u00e9s Shertzer, quien mencion\u00f3 que la investigaci\u00f3n llevada a cabo permiti\u00f3 establecer que Luis Sandoval Duarte (47) accedi\u00f3 a la vivienda tras escalar la reja perimetral del domicilio.<\/p>\n<p style=\"text-align: justify;\">\u201cLas pruebas reunidas, adem\u00e1s de los testimonios que la Fiscal\u00eda llev\u00f3 a audiencia, permitieron obtener la condena en contra del imputado, quien fue declarado culpable del delito de robo en lugar habitado\u201d, dijo el fiscal.<\/p>\n<p style=\"text-align: justify;\">Shertzer agreg\u00f3 que en el d\u00eda en que se cometi\u00f3 el delito el condenado ingres\u00f3 a la vivienda y sustrajo diversas especies, las cuales reuni\u00f3 en el antejard\u00edn de la casa, aprovechando que al momento del robo no hab\u00eda moradores en la casa. En el juicio, el fiscal argument\u00f3 que una vez que la persona investigada se aprestaba a hacer abandono del lugar fue advertido por las v\u00edctimas del delito, quienes salieron en su persecuci\u00f3n logrando detenerlo para luego entregarlo a Carabineros.<\/p>\n<p style=\"text-align: justify;\">Los hechos indagados sustentaron la acusaci\u00f3n de este caso, por lo que una vez conocida la condena los Jueces determinaron la pena de cinco a\u00f1os y un d\u00eda de c\u00e1rcel para Sandoval Duarte, pena a la cual no se otorgaron beneficios alternativos.<\/p>\n","protected":false},"excerpt":{"rendered":"<p>Una pena efectiva de c\u00e1rcel por el delito de robo en lugar habitado obtuvo la Fiscal\u00eda de Atacama. Esto luego de indagar los hechos que&hellip; <\/p>\n","protected":false},"author":2,"featured_media":1673,"comment_status":"open","ping_status":"closed","sticky":false,"template":"","format":"standard","meta":{"footnotes":""},"categories":[6],"tags":[],"class_list":["post-1672","post","type-post","status-publish","format-standard","has-post-thumbnail","hentry","category-policial"],"_links":{"self":[{"href":"https:\/\/www.radioamigavallenar.cl\/index.php?rest_route=\/wp\/v2\/posts\/1672","targetHints":{"allow":["GET"]}}],"collection":[{"href":"https:\/\/www.radioamigavallenar.cl\/index.php?rest_route=\/wp\/v2\/posts"}],"about":[{"href":"https:\/\/www.radioamigavallenar.cl\/index.php?rest_route=\/wp\/v2\/types\/post"}],"author":[{"embeddable":true,"href":"https:\/\/www.radioamigavallenar.cl\/index.php?rest_route=\/wp\/v2\/users\/2"}],"replies":[{"embeddable":true,"href":"https:\/\/www.radioamigavallenar.cl\/index.php?rest_route=%2Fwp%2Fv2%2Fcomments&post=1672"}],"version-history":[{"count":0,"href":"https:\/\/www.radioamigavallenar.cl\/index.php?rest_route=\/wp\/v2\/posts\/1672\/revisions"}],"wp:featuredmedia":[{"embeddable":true,"href":"https:\/\/www.radioamigavallenar.cl\/index.php?rest_route=\/wp\/v2\/media\/1673"}],"wp:attachment":[{"href":"https:\/\/www.radioamigavallenar.cl\/index.php?rest_route=%2Fwp%2Fv2%2Fmedia&parent=1672"}],"wp:term":[{"taxonomy":"category","embeddable":true,"href":"https:\/\/www.radioamigavallenar.cl\/index.php?rest_route=%2Fwp%2Fv2%2Fcategories&post=1672"},{"taxonomy":"post_tag","embeddable":true,"href":"https:\/\/www.radioamigavallenar.cl\/index.php?rest_route=%2Fwp%2Fv2%2Ftags&post=1672"}],"curies":[{"name":"wp","href":"https:\/\/api.w.org\/{rel}","templated":true}]}}