{"id":1668,"date":"2016-07-25T12:00:23","date_gmt":"2016-07-25T15:00:23","guid":{"rendered":"http:\/\/www.radioamigavallenar.cl\/?p=1668"},"modified":"2016-07-25T12:00:23","modified_gmt":"2016-07-25T15:00:23","slug":"fiscalia-indaga-muerte-de-motociclista-que-se-desvanecio-en-la-via-publica","status":"publish","type":"post","link":"https:\/\/www.radioamigavallenar.cl\/?p=1668","title":{"rendered":"Fiscal\u00eda indaga muerte de motociclista que se desvaneci\u00f3 en la v\u00eda p\u00fablica"},"content":{"rendered":"<p style=\"text-align: justify;\"><a href=\"http:\/\/www.radioamigavallenar.cl\/wp-content\/uploads\/2016\/07\/MUERTO-ROSARIO.jpg\"><img loading=\"lazy\" decoding=\"async\" class=\" size-medium wp-image-1669 aligncenter\" src=\"http:\/\/www.radioamigavallenar.cl\/wp-content\/uploads\/2016\/07\/MUERTO-ROSARIO-300x206.jpg\" alt=\"MUERTO ROSARIO\" width=\"300\" height=\"206\" srcset=\"https:\/\/www.radioamigavallenar.cl\/wp-content\/uploads\/2016\/07\/MUERTO-ROSARIO-300x206.jpg 300w, https:\/\/www.radioamigavallenar.cl\/wp-content\/uploads\/2016\/07\/MUERTO-ROSARIO.jpg 700w\" sizes=\"auto, (max-width: 300px) 100vw, 300px\" \/><\/a><\/p>\n<p style=\"text-align: justify;\">Diversas diligencias orden\u00f3 este viernes la Fiscal\u00eda de Atacama luego de tomar conocimiento de la muerte del conductor de una motocicleta, hecho ocurrido en la poblaci\u00f3n Rosario de esta ciudad.<\/p>\n<p style=\"text-align: justify;\">Hasta el lugar lleg\u00f3 el fiscal de turno, Nicol\u00e1s Zollezi Briones, quien fue informado del hecho, para luego ordenar la presencia en el lugar de personal de la Brigada de Homicidios de la PDI para realizar los peritajes de rigor frente al caso.<\/p>\n<p style=\"text-align: justify;\">Sobre lo sucedido, Zolezzi indic\u00f3 que seg\u00fan versiones recogidas en el lugar del hecho, el hombre fallecido, identificado como Oscar Morales Cartes (60), sali\u00f3 de su casa ubicada en el pasaje Samuel Diaz Trujillo en su motocicleta cayendo al suelo luego de avanzar unos pocos metros. \u201cSeg\u00fan pudo establecer la Fiscal\u00eda en las primeras versiones recabadas en el lugar, una vez que cay\u00f3 al suelo fue auxiliado por vecinos del sector, quienes retiraron la motocicleta y prestaron ayuda hasta que lleg\u00f3 personal del Samu. Funcionarios que s\u00f3lo pudieron constatar el fallecimiento de esta persona\u201d, dijo el fiscal.<\/p>\n<p style=\"text-align: justify;\">Zolezzi mencion\u00f3 que el cuerpo ser\u00e1 derivado hasta el Servicio M\u00e9dico Legal de Copiap\u00f3 para realizar la autopsia respectiva, con la cual se espera determinar cu\u00e1l fue la causa definitiva de la muerte.<\/p>\n<p style=\"text-align: justify;\">Finalmente, el fiscal agreg\u00f3 que la Fiscal\u00eda, a trav\u00e9s de sus profesionales de la Unidad de Atenci\u00f3n a V\u00edctimas, apoyar\u00e1 con la ubicaci\u00f3n de familiares del fallecido, quienes no residen en la capital regional.<\/p>\n<p style=\"text-align: justify;\">\n","protected":false},"excerpt":{"rendered":"<p>Diversas diligencias orden\u00f3 este viernes la Fiscal\u00eda de Atacama luego de tomar conocimiento de la muerte del conductor de una motocicleta, hecho ocurrido en la&hellip; <\/p>\n","protected":false},"author":2,"featured_media":1669,"comment_status":"open","ping_status":"closed","sticky":false,"template":"","format":"standard","meta":{"footnotes":""},"categories":[6],"tags":[],"class_list":["post-1668","post","type-post","status-publish","format-standard","has-post-thumbnail","hentry","category-policial"],"_links":{"self":[{"href":"https:\/\/www.radioamigavallenar.cl\/index.php?rest_route=\/wp\/v2\/posts\/1668","targetHints":{"allow":["GET"]}}],"collection":[{"href":"https:\/\/www.radioamigavallenar.cl\/index.php?rest_route=\/wp\/v2\/posts"}],"about":[{"href":"https:\/\/www.radioamigavallenar.cl\/index.php?rest_route=\/wp\/v2\/types\/post"}],"author":[{"embeddable":true,"href":"https:\/\/www.radioamigavallenar.cl\/index.php?rest_route=\/wp\/v2\/users\/2"}],"replies":[{"embeddable":true,"href":"https:\/\/www.radioamigavallenar.cl\/index.php?rest_route=%2Fwp%2Fv2%2Fcomments&post=1668"}],"version-history":[{"count":0,"href":"https:\/\/www.radioamigavallenar.cl\/index.php?rest_route=\/wp\/v2\/posts\/1668\/revisions"}],"wp:featuredmedia":[{"embeddable":true,"href":"https:\/\/www.radioamigavallenar.cl\/index.php?rest_route=\/wp\/v2\/media\/1669"}],"wp:attachment":[{"href":"https:\/\/www.radioamigavallenar.cl\/index.php?rest_route=%2Fwp%2Fv2%2Fmedia&parent=1668"}],"wp:term":[{"taxonomy":"category","embeddable":true,"href":"https:\/\/www.radioamigavallenar.cl\/index.php?rest_route=%2Fwp%2Fv2%2Fcategories&post=1668"},{"taxonomy":"post_tag","embeddable":true,"href":"https:\/\/www.radioamigavallenar.cl\/index.php?rest_route=%2Fwp%2Fv2%2Ftags&post=1668"}],"curies":[{"name":"wp","href":"https:\/\/api.w.org\/{rel}","templated":true}]}}