{"id":16658,"date":"2019-09-23T00:00:21","date_gmt":"2019-09-23T03:00:21","guid":{"rendered":"https:\/\/www.radioamigavallenar.cl\/?p=16658"},"modified":"2019-09-22T23:21:53","modified_gmt":"2019-09-23T02:21:53","slug":"atacama-se-ubica-en-el-segundo-lugar-del-liderazgo-como-polo-de-atraccion-minera-en-la-cartera-de-proyectos-2019-2028","status":"publish","type":"post","link":"https:\/\/www.radioamigavallenar.cl\/?p=16658","title":{"rendered":"Atacama se ubica en el segundo lugar del liderazgo como polo de atracci\u00f3n minera en la Cartera de Proyectos 2019-2028"},"content":{"rendered":"\n<figure class=\"wp-block-image\"><img loading=\"lazy\" decoding=\"async\" width=\"768\" height=\"512\" src=\"https:\/\/www.radioamigavallenar.cl\/wp-content\/uploads\/2019\/09\/Miner\u00eda-1-768x512.jpg\" alt=\"\" class=\"wp-image-16659\" srcset=\"https:\/\/www.radioamigavallenar.cl\/wp-content\/uploads\/2019\/09\/Miner\u00eda-1-768x512.jpg 768w, https:\/\/www.radioamigavallenar.cl\/wp-content\/uploads\/2019\/09\/Miner\u00eda-1-768x512-300x200.jpg 300w\" sizes=\"auto, (max-width: 768px) 100vw, 768px\" \/><\/figure>\n\n\n\n<p>Una ambiciosa cartera de proyectos buscar\u00e1 desarrollar el sector minero durante los pr\u00f3ximos diez a\u00f1os. As\u00ed lo revel\u00f3 la reciente actualizaci\u00f3n de la cartera de proyectos 2019-2028, informe que anualmente elabora la Comisi\u00f3n Chilena del&nbsp;Cobre&nbsp;(Cochilco), entidad dependiente del Ministerio de Miner\u00eda.<\/p>\n\n\n\n<p>El catastro incluye 44 iniciativas en diversas etapas de avance y que se catalogan como base, altamente probables o posibles, que suman&nbsp;US$72.153 millones en inversi\u00f3n, 10,3% m\u00e1s que los US$65.747 millones que consider\u00f3 la versi\u00f3n 2018 del informe. Esta diferencia se relaciona, entre otros puntos, con la salida de proyectos ya construidos, otros que fueron desechados o su reemplazo por nuevas iniciativas.<\/p>\n\n\n\n<p>\u201cEsta cifra es producto de ajustes en inversiones provenientes de la puesta en marcha de cuatro iniciativas el a\u00f1o 2018, de las 44 consideradas en el catastro anterior, entre ellas Chuquicamata Subterr\u00e1nea, la salida de una iniciativa de minerales industriales en busca de mejoras en sus ingenier\u00edas y el ingreso de cinco nuevos proyectos avaluados en US$7.309 millones\u201d, se\u00f1al\u00f3 el informe de Cochilco.<\/p>\n\n\n\n<p>Precisamente, en esta ocasi\u00f3n se incluyeron proyectos nuevos de gran cuant\u00eda, como es el caso de Los Bronces Integrado, de Anglo American Sur, que supone una inversi\u00f3n de US$3.000 millones. Otra nueva iniciativa es Mejoramiento Capacidad Productiva de Collahuasi, faena ligada a Anglo American y a Glencore, que costar\u00e1 US$3.200 millones.<\/p>\n\n\n\n<p>El ministro de Miner\u00eda, Baldo Prokurica, destac\u00f3 los resultados del informe, asegurando que se trata de una buena noticia para la miner\u00eda y la econom\u00eda a nivel general.<\/p>\n\n\n\n<p>\u201cCochilco elabora todos los a\u00f1os un informe con una proyecci\u00f3n de proyectos mineros para la pr\u00f3xima d\u00e9cada. En esta oportunidad, el informe es bastante positivo si lo comparamos con el a\u00f1o 2018, porque con 44 iniciativas, avaluadas en m\u00e1s de US$72 mil millones, esta cartera supera en 10,3% el catastro que se hizo en 2018. Es una muy buena noticia para la miner\u00eda y para la econom\u00eda nacional\u201d, afirm\u00f3 al respecto el ministro Prokurica.<\/p>\n\n\n\n<p>Otro dato interesante que muestra este informe es que la Regi\u00f3n de&nbsp;Antofagasta, verdadera capital minera del pa\u00eds, mantiene el liderazgo como polo de atracci\u00f3n minera, agrupando el 27% de la cartera total.&nbsp;<strong>M\u00e1s atr\u00e1s viene la Regi\u00f3n de Atacama, con el 22%<\/strong>&nbsp;y luego, Tarapac\u00e1, que con 12 iniciativas concentra el 12% de la inversi\u00f3n proyectada.<\/p>\n\n\n\n<p>Una empresa que tradicionalmente muestra elevados n\u00fameros de inversi\u00f3n es Codelco. En esta ocasi\u00f3n, la estatal se anot\u00f3 con proyectos por US$10.147 millones, lo que corresponde al 14% del total de la cartera. Las iniciativas a materializar por parte de la estatal son fundamentalmente mejoras en tranques de relaves, cumplimiento de la norma de fundici\u00f3n y mejoramiento de las instalaciones de fundici\u00f3n y refiner\u00eda (Fure), exploraci\u00f3n y estudios de ingenier\u00eda, adem\u00e1s de obras de desarrollo necesarias para la continuidad operacional de las divisiones.<\/p>\n\n\n\n<p>Una buena noticia, apuntan desde el Ministerio de Miner\u00eda, es que \u201cel grueso de la inversi\u00f3n entrar\u00e1 en operaci\u00f3n en el quinquenio 2019-2023, lo que demuestra que la estrategia de Chile en inversi\u00f3n minera podr\u00e1 reflejar sus frutos productivos de empleo en el mediano plazo\u201d, concluy\u00f3 Cochilco.<\/p>\n","protected":false},"excerpt":{"rendered":"<p>Una ambiciosa cartera de proyectos buscar\u00e1 desarrollar el sector minero durante los pr\u00f3ximos diez a\u00f1os. As\u00ed lo revel\u00f3 la reciente actualizaci\u00f3n de la cartera de&hellip; <\/p>\n","protected":false},"author":2,"featured_media":16659,"comment_status":"open","ping_status":"closed","sticky":false,"template":"","format":"standard","meta":{"footnotes":""},"categories":[7,34],"tags":[],"class_list":["post-16658","post","type-post","status-publish","format-standard","has-post-thumbnail","hentry","category-atacama","category-mineria"],"_links":{"self":[{"href":"https:\/\/www.radioamigavallenar.cl\/index.php?rest_route=\/wp\/v2\/posts\/16658","targetHints":{"allow":["GET"]}}],"collection":[{"href":"https:\/\/www.radioamigavallenar.cl\/index.php?rest_route=\/wp\/v2\/posts"}],"about":[{"href":"https:\/\/www.radioamigavallenar.cl\/index.php?rest_route=\/wp\/v2\/types\/post"}],"author":[{"embeddable":true,"href":"https:\/\/www.radioamigavallenar.cl\/index.php?rest_route=\/wp\/v2\/users\/2"}],"replies":[{"embeddable":true,"href":"https:\/\/www.radioamigavallenar.cl\/index.php?rest_route=%2Fwp%2Fv2%2Fcomments&post=16658"}],"version-history":[{"count":0,"href":"https:\/\/www.radioamigavallenar.cl\/index.php?rest_route=\/wp\/v2\/posts\/16658\/revisions"}],"wp:featuredmedia":[{"embeddable":true,"href":"https:\/\/www.radioamigavallenar.cl\/index.php?rest_route=\/wp\/v2\/media\/16659"}],"wp:attachment":[{"href":"https:\/\/www.radioamigavallenar.cl\/index.php?rest_route=%2Fwp%2Fv2%2Fmedia&parent=16658"}],"wp:term":[{"taxonomy":"category","embeddable":true,"href":"https:\/\/www.radioamigavallenar.cl\/index.php?rest_route=%2Fwp%2Fv2%2Fcategories&post=16658"},{"taxonomy":"post_tag","embeddable":true,"href":"https:\/\/www.radioamigavallenar.cl\/index.php?rest_route=%2Fwp%2Fv2%2Ftags&post=16658"}],"curies":[{"name":"wp","href":"https:\/\/api.w.org\/{rel}","templated":true}]}}