{"id":16652,"date":"2019-09-23T00:00:24","date_gmt":"2019-09-23T03:00:24","guid":{"rendered":"https:\/\/www.radioamigavallenar.cl\/?p=16652"},"modified":"2019-09-22T21:42:06","modified_gmt":"2019-09-23T00:42:06","slug":"seremi-de-gobierno-llama-a-retornar-con-precaucion-y-tranquilidad-tras-fiestas-patrias","status":"publish","type":"post","link":"https:\/\/www.radioamigavallenar.cl\/?p=16652","title":{"rendered":"Seremi de Gobierno llama a retornar con precauci\u00f3n y tranquilidad tras fiestas patrias"},"content":{"rendered":"\n<figure class=\"wp-block-image\"><img loading=\"lazy\" decoding=\"async\" width=\"897\" height=\"583\" src=\"https:\/\/www.radioamigavallenar.cl\/wp-content\/uploads\/2019\/09\/Seremi-de-Gobierno.jpg\" alt=\"\" class=\"wp-image-16653\" srcset=\"https:\/\/www.radioamigavallenar.cl\/wp-content\/uploads\/2019\/09\/Seremi-de-Gobierno.jpg 897w, https:\/\/www.radioamigavallenar.cl\/wp-content\/uploads\/2019\/09\/Seremi-de-Gobierno-300x195.jpg 300w, https:\/\/www.radioamigavallenar.cl\/wp-content\/uploads\/2019\/09\/Seremi-de-Gobierno-768x499.jpg 768w\" sizes=\"auto, (max-width: 897px) 100vw, 897px\" \/><\/figure>\n\n\n\n<p>Durante las festividades, la autoridad se despleg\u00f3 por las comunas de Alto del Carmen y Vallenar.<\/p>\n\n\n\n<p>Este domingo 22 y lunes 21 de septiembre, miles de personas comienzan el retorno a sus hogares, por lo tanto, la Secretaria Regional Ministerial de Gobierno, Mar\u00eda Francisca Plaza Velis, hizo un llamado para aplicar todas las medidas necesarias de precauci\u00f3n, autocuidado y responsabilidad para no lamentar accidentes.<\/p>\n\n\n\n<p>La vocera regional del Gobierno argument\u00f3 que \u00abel Ministerio de Obras P\u00fablicas ha informado los tel\u00e9fonos de emergencia para la autopistas concesionadas, que ser\u00edan los siguientes: Ruta 5 Norte (Caldera-Vallenar) 600 300 3333 y twitter @VallesDesierto. Ruta 5 Norte (Vallenar \u2013 La Serena) 800 364 990 y twitter @ruta_ algarrobo. Ruta 5 (La Serena \u2013 Los Vilos) +56512219907 y twitter @autopistaelqui. Ruta 5 (Los Vilos \u2013 Santiago) +56224620950. Ruta D-43 (La Serena \u2013 Ovalle) 800123685. Lo importante es que guarde \u00e9stos contactos, ya sea en su celular o libreta\u00bb.<\/p>\n\n\n\n<p>\u00abAntes de viajar, es importante que su veh\u00edculo est\u00e9 en condiciones de hacerlo. Verifique que las luces no tengan problemas, particularmente aquellas que se\u00f1alan los frenos. Los neum\u00e1ticos tambi\u00e9n deben estar en buenas condiciones, incluido el de repuesto. El chaleco reflectante, silla de seguridad para ni\u00f1os y los cinturones de seguridad son la prioridad. Carabineros estar\u00e1 como siempre fiscalizando para mayor resguardo\u00bb, agreg\u00f3 Plaza Velis.<\/p>\n\n\n\n<p>La Seremi de Gobierno particip\u00f3 en distintas actividades durante las celebraciones dieciocheras y valor\u00f3 el trabajo de las autoridades locales, Carabineros y la PDI, por cierto de los comerciantes y la comunidad. \u00abComenzamos inaugurando las ramadas en el Recinto de Cuatro Palomas de Vallenar y luego compartimos con todos los comerciantes del evento. Tambi\u00e9n estuvimos en el desfile c\u00edvico militar de Vallenar a inicios de la semana, pero tambi\u00e9n presenciamos el acto c\u00edvico que se desarroll\u00f3 en el Estadio Municipal Nelson Rojas de la comuna\u00bb.<\/p>\n\n\n\n<p>\u00abEl Te Deum de Vallenar, desarrollado por la Iglesia Cat\u00f3lica, nos hizo reflexionar para continuar trabajando con mayor sentido de unidad, colaboraci\u00f3n y responsabilidad para que Atacama siga avanzando hacia un futuro m\u00e1s equitativo, justo, integral y desarrollado. &nbsp;Tambi\u00e9n tuve el honor y la oportunidad de disfrutar de un acto c\u00edvico desarrollado en la Escuela Ricardo Campillay de Alto del Carmen junto a la alcaldesa (s) Sandra Anacona, concejales y la comunidad\u201d.<\/p>\n\n\n\n<p>Para concluir, la autoridad dijo que \u201cahora es momento de regresar a los hogares con tranquilidad y paciencia. No se debe exceder la velocidad en las autopistas y carreteras, ya que muchas vidas humanas dependen de la prudencia de los conductores. Del mismo modo, el llamado es a quienes transitan como peatones por las localidades, es fundamental que se tomen los resguardos necesarios. Esperamos como Gobierno del Presidente Sebasti\u00e1n Pi\u00f1era que el retorno sea eficiente, efectivo y por sobe todo, seguro y libre de excesos\u201d.<\/p>\n","protected":false},"excerpt":{"rendered":"<p>Durante las festividades, la autoridad se despleg\u00f3 por las comunas de Alto del Carmen y Vallenar. Este domingo 22 y lunes 21 de septiembre, miles&hellip; <\/p>\n","protected":false},"author":2,"featured_media":16653,"comment_status":"open","ping_status":"closed","sticky":false,"template":"","format":"standard","meta":{"footnotes":""},"categories":[7],"tags":[],"class_list":["post-16652","post","type-post","status-publish","format-standard","has-post-thumbnail","hentry","category-atacama"],"_links":{"self":[{"href":"https:\/\/www.radioamigavallenar.cl\/index.php?rest_route=\/wp\/v2\/posts\/16652","targetHints":{"allow":["GET"]}}],"collection":[{"href":"https:\/\/www.radioamigavallenar.cl\/index.php?rest_route=\/wp\/v2\/posts"}],"about":[{"href":"https:\/\/www.radioamigavallenar.cl\/index.php?rest_route=\/wp\/v2\/types\/post"}],"author":[{"embeddable":true,"href":"https:\/\/www.radioamigavallenar.cl\/index.php?rest_route=\/wp\/v2\/users\/2"}],"replies":[{"embeddable":true,"href":"https:\/\/www.radioamigavallenar.cl\/index.php?rest_route=%2Fwp%2Fv2%2Fcomments&post=16652"}],"version-history":[{"count":0,"href":"https:\/\/www.radioamigavallenar.cl\/index.php?rest_route=\/wp\/v2\/posts\/16652\/revisions"}],"wp:featuredmedia":[{"embeddable":true,"href":"https:\/\/www.radioamigavallenar.cl\/index.php?rest_route=\/wp\/v2\/media\/16653"}],"wp:attachment":[{"href":"https:\/\/www.radioamigavallenar.cl\/index.php?rest_route=%2Fwp%2Fv2%2Fmedia&parent=16652"}],"wp:term":[{"taxonomy":"category","embeddable":true,"href":"https:\/\/www.radioamigavallenar.cl\/index.php?rest_route=%2Fwp%2Fv2%2Fcategories&post=16652"},{"taxonomy":"post_tag","embeddable":true,"href":"https:\/\/www.radioamigavallenar.cl\/index.php?rest_route=%2Fwp%2Fv2%2Ftags&post=16652"}],"curies":[{"name":"wp","href":"https:\/\/api.w.org\/{rel}","templated":true}]}}