{"id":16562,"date":"2019-09-14T00:00:00","date_gmt":"2019-09-14T03:00:00","guid":{"rendered":"https:\/\/www.radioamigavallenar.cl\/?p=16562"},"modified":"2019-09-13T19:27:14","modified_gmt":"2019-09-13T22:27:14","slug":"ministro-de-mineria-destaca-proyectos-que-ponen-en-valor-el-cobre","status":"publish","type":"post","link":"https:\/\/www.radioamigavallenar.cl\/?p=16562","title":{"rendered":"Ministro de Miner\u00eda destaca proyectos que ponen en valor el cobre"},"content":{"rendered":"\n<div class=\"wp-block-image\"><figure class=\"aligncenter\"><img loading=\"lazy\" decoding=\"async\" width=\"500\" height=\"314\" src=\"https:\/\/www.radioamigavallenar.cl\/wp-content\/uploads\/2019\/09\/5d7b85f76a8b2.jpg\" alt=\"\" class=\"wp-image-16563\" srcset=\"https:\/\/www.radioamigavallenar.cl\/wp-content\/uploads\/2019\/09\/5d7b85f76a8b2.jpg 500w, https:\/\/www.radioamigavallenar.cl\/wp-content\/uploads\/2019\/09\/5d7b85f76a8b2-300x188.jpg 300w\" sizes=\"auto, (max-width: 500px) 100vw, 500px\" \/><\/figure><\/div>\n\n\n\n<p>Hasta la localidad de Coya, en la comuna de Machal\u00ed, lleg\u00f3 el ministro de Miner\u00eda, Baldo Prokurica, para compartir con artesanas de la Escuela de Orfebres de la zona y reunirse con los encargados del proyecto tur\u00edstico \u00abRuta del Cobre\u00bb.<\/p>\n\n\n\n<p>En la zona, la autoridad afirm\u00f3 que \u00abel trabajo que ha realizado la escuela, creando productos con cobre, es una dimensi\u00f3n muy interesante que est\u00e1 asociada al turismo y a la iniciativa del Alcalde de Coya, Jos\u00e9 Miguel Urrutia, de generar la carretera del cobre. Estas iniciativas, que han tenido el apoyo de Codelco, le dan valor agregado a la miner\u00eda para que m\u00e1s chilenos y extranjeros conozcan estas bellezas y estos lugares relacionados al sector. Las personas tienen que conocer mejor esta actividad, porque siendo Chile uno de los pa\u00edses m\u00e1s mineros del mundo, se conoce poco esta industria\u00bb.<\/p>\n\n\n\n<p>El director de la escuela, Denis Celery, destac\u00f3 que \u00abeste proyecto que es liderado por la Corporaci\u00f3n Pro O\u2019Higgins est\u00e1 orientado a la joyer\u00eda de cobre, con cursos que tienen entre 40 y 45 estudiantes por a\u00f1o. De esta manera, se les ense\u00f1a un oficio para que puedan generar sus ingresos y comenzar su trabajo como orfebres\u00bb.<\/p>\n\n\n\n<p>Hasta el 2019, la escuela ha formado a cerca de 400 orfebres, muchos de los cuales est\u00e1n trabajando en el rubro, produciendo piezas, haciendo clases, cursos, talleres, e incluso han salido fuera de la regi\u00f3n a poner en valor todo lo que han aprendido.<\/p>\n\n\n\n<p>Uno de sus logros fue la confecci\u00f3n de dos brazaletes para la pel\u00edcula de Hollywood \u00abLa Mujer Maravilla\u00bb, que posicion\u00f3 a Coya a nivel mundial.<\/p>\n\n\n\n<p><strong>Ruta del cobre<\/strong><\/p>\n\n\n\n<p>Durante su visita por la localidad, el ministro tambi\u00e9n se reuni\u00f3 con los encargados del proyecto que crear\u00e1 la \u00abRuta del Cobre\u00bb, que incorpora todos los atractivos tur\u00edsticos de la zona.<\/p>\n\n\n\n<p>Ivan M\u00e9ndez, encargado de comercializaci\u00f3n y marketing del proyecto de la Universidad San Sebasti\u00e1n, explic\u00f3 que \u00abla iniciativa se est\u00e1 desarrollando con recursos del gobierno regional y busca poner en valor los elementos fundamentales de la comuna. El proyecto dura hasta el segundo semestre del 2020, la idea es que est\u00e9 terminado en octubre, ya vamos a tener la marca y vamos a comenzar con las primeras acciones a final de a\u00f1o, pensando en la temporada de verano\u00bb.<\/p>\n\n\n\n<p>M\u00e9ndez puntualiz\u00f3 que se espera tener una plataforma web y una aplicaci\u00f3n que permita a los turistas acceder a los atractivos de la comuna de Coya.<\/p>\n","protected":false},"excerpt":{"rendered":"<p>Hasta la localidad de Coya, en la comuna de Machal\u00ed, lleg\u00f3 el ministro de Miner\u00eda, Baldo Prokurica, para compartir con artesanas de la Escuela de&hellip; <\/p>\n","protected":false},"author":2,"featured_media":16563,"comment_status":"open","ping_status":"closed","sticky":false,"template":"","format":"standard","meta":{"footnotes":""},"categories":[34],"tags":[],"class_list":["post-16562","post","type-post","status-publish","format-standard","has-post-thumbnail","hentry","category-mineria"],"_links":{"self":[{"href":"https:\/\/www.radioamigavallenar.cl\/index.php?rest_route=\/wp\/v2\/posts\/16562","targetHints":{"allow":["GET"]}}],"collection":[{"href":"https:\/\/www.radioamigavallenar.cl\/index.php?rest_route=\/wp\/v2\/posts"}],"about":[{"href":"https:\/\/www.radioamigavallenar.cl\/index.php?rest_route=\/wp\/v2\/types\/post"}],"author":[{"embeddable":true,"href":"https:\/\/www.radioamigavallenar.cl\/index.php?rest_route=\/wp\/v2\/users\/2"}],"replies":[{"embeddable":true,"href":"https:\/\/www.radioamigavallenar.cl\/index.php?rest_route=%2Fwp%2Fv2%2Fcomments&post=16562"}],"version-history":[{"count":0,"href":"https:\/\/www.radioamigavallenar.cl\/index.php?rest_route=\/wp\/v2\/posts\/16562\/revisions"}],"wp:featuredmedia":[{"embeddable":true,"href":"https:\/\/www.radioamigavallenar.cl\/index.php?rest_route=\/wp\/v2\/media\/16563"}],"wp:attachment":[{"href":"https:\/\/www.radioamigavallenar.cl\/index.php?rest_route=%2Fwp%2Fv2%2Fmedia&parent=16562"}],"wp:term":[{"taxonomy":"category","embeddable":true,"href":"https:\/\/www.radioamigavallenar.cl\/index.php?rest_route=%2Fwp%2Fv2%2Fcategories&post=16562"},{"taxonomy":"post_tag","embeddable":true,"href":"https:\/\/www.radioamigavallenar.cl\/index.php?rest_route=%2Fwp%2Fv2%2Ftags&post=16562"}],"curies":[{"name":"wp","href":"https:\/\/api.w.org\/{rel}","templated":true}]}}