{"id":16548,"date":"2019-09-14T00:00:06","date_gmt":"2019-09-14T03:00:06","guid":{"rendered":"https:\/\/www.radioamigavallenar.cl\/?p=16548"},"modified":"2019-09-13T19:12:01","modified_gmt":"2019-09-13T22:12:01","slug":"junaeb-entrego-resultados-de-actividades-enmarcadas-en-su-programa-de-cuidado-a-la-salud-del-estudiante-en-atacama","status":"publish","type":"post","link":"https:\/\/www.radioamigavallenar.cl\/?p=16548","title":{"rendered":"JUNAEB entreg\u00f3 resultados de actividades enmarcadas en su programa de cuidado a la salud del estudiante en Atacama"},"content":{"rendered":"\n<figure class=\"wp-block-image\"><img loading=\"lazy\" decoding=\"async\" width=\"750\" height=\"400\" src=\"https:\/\/www.radioamigavallenar.cl\/wp-content\/uploads\/2019\/09\/La-obra.jpg\" alt=\"\" class=\"wp-image-16549\" srcset=\"https:\/\/www.radioamigavallenar.cl\/wp-content\/uploads\/2019\/09\/La-obra.jpg 750w, https:\/\/www.radioamigavallenar.cl\/wp-content\/uploads\/2019\/09\/La-obra-300x160.jpg 300w\" sizes=\"auto, (max-width: 750px) 100vw, 750px\" \/><\/figure>\n\n\n\n<p><strong>Esta semana fueron entregadas las cifras y resultados finales de la itinerancia teatral de \u201cEl guitarrista de Hamelin\u201d realizada en conjunto por\u00a0JUNAEB\u00a0y la\u00a0Corporaci\u00f3n Atacama Creativa\u00a0en Copiap\u00f3, Caldera y Cha\u00f1aral durante el pasado mes de Agosto. <\/strong><\/p>\n\n\n\n<p><strong>Una serie de presentaciones financiada por JUNAEB en el marco de su programa de cuidado a la salud del estudiante, que cont\u00f3 con las actuaciones de Pamela Mart\u00ednez Huerta y Emanuel Ojeda Araya de compa\u00f1\u00eda teatral La Chicharra y llev\u00f3 hasta cuatro escuelas de Atacama una historia que aborda tem\u00e1ticas relacionadas con la sana convivencia social y la generaci\u00f3n de relaciones de valor entre personas, utilizando la narraci\u00f3n oral,\u00a0 la corporalidad, la m\u00fasica y la comedia para entregar de manera l\u00fadica valores como: honestidad, respeto y cumplimiento de la palabra.<\/strong><\/p>\n\n\n\n<p>Seg\u00fan la explicaci\u00f3n de&nbsp;la directora de&nbsp;<strong>Junaeb<\/strong>&nbsp;Atacama, Claudia Alvayai&nbsp;<em>\u201cel objetivo general era favorecer el acceso a actividades recreativas culturales a estudiantes de establecimientos focalizados, con el fin de reforzar su desarrollo educacional cultural y social. Como objetivos espec\u00edficos estaba contemplado generar una din\u00e1mica en la cual los escolares participaran activamente de la obra teatral y recibieran<\/em><em>contenidos<\/em>&nbsp;<em>alusivos a convivencia escolar\u201d.<\/em><\/p>\n\n\n\n<p>Por su parte Ver\u00f3nica Pizarro, Presidenta de la\u00a0<strong>Corporaci\u00f3n Atacama Creativa<\/strong>\u00a0a cargo de la ejecuci\u00f3n de las actividades se\u00f1al\u00f3 que\u00a0<em>\u201clas metas se cumplieron al 100% superando las expectativas y resultados planteados inicialmente por la Corporaci\u00f3n, pues se esperaba beneficiar a 550 escolares entre las comunas de Copiap\u00f3, Caldera y Cha\u00f1aral, sin embargo se benefici\u00f3 finalmente a 622 escolares, siendo de \u00e9stos 297 mujeres y 325 hombres\u201d.<\/em><\/p>\n\n\n\n<p>En detalle los beneficiarios fueron los siguientes:<\/p>\n\n\n\n<p><strong>Escuela Bruno Zavala de Copiap\u00f3:<\/strong>&nbsp;118 mujeres y 125 hombres.<\/p>\n\n\n\n<p><strong>Escuela Manuel Orella de Caldera:<\/strong>&nbsp;59 mujeres y 48 Hombres.<\/p>\n\n\n\n<p><strong>Escuela Ignacio Domeyko de Cha\u00f1aral:<\/strong>&nbsp;72 mujeres y 75 hombres.<\/p>\n\n\n\n<p><strong>Escuela Diego Portales de Cha\u00f1aral:<\/strong>&nbsp; 48 mujeres y 77 hombres.<\/p>\n\n\n\n<p>La&nbsp;directora de&nbsp;<strong>JUNAEB<\/strong>&nbsp;Atacama, Claudia Alvayai, destac\u00f3 tambi\u00e9n que&nbsp;<em>\u201cdentro de los aspectos significativos del proyecto figura tambi\u00e9n el compromiso y participaci\u00f3n de los directores y funcionarios de los establecimientos educacionales involucrados, quienes desde un principio colaboraron en el desarrollo de las iniciativas\u201d.<\/em><\/p>\n\n\n\n<p>Finalmente Ana Pilar Saavedra, encargada de la itinerancia en&nbsp;<strong>JUNAEB<\/strong>, puntualiz\u00f3 que&nbsp;<em>\u201clos directores de los establecimientos destacaron la importancia de realizar eventos que contemplen actividades recreativas para ni\u00f1os, ni\u00f1as y j\u00f3venes, donde los estudiantes no sean meros espectadores, sino que participen activamente de la obra, tal como se desarroll\u00f3 El Guitarrista de Hamelin\u201d.<\/em><\/p>\n","protected":false},"excerpt":{"rendered":"<p>Esta semana fueron entregadas las cifras y resultados finales de la itinerancia teatral de \u201cEl guitarrista de Hamelin\u201d realizada en conjunto por\u00a0JUNAEB\u00a0y la\u00a0Corporaci\u00f3n Atacama Creativa\u00a0en&hellip; <\/p>\n","protected":false},"author":2,"featured_media":16549,"comment_status":"open","ping_status":"closed","sticky":false,"template":"","format":"standard","meta":{"footnotes":""},"categories":[7],"tags":[],"class_list":["post-16548","post","type-post","status-publish","format-standard","has-post-thumbnail","hentry","category-atacama"],"_links":{"self":[{"href":"https:\/\/www.radioamigavallenar.cl\/index.php?rest_route=\/wp\/v2\/posts\/16548","targetHints":{"allow":["GET"]}}],"collection":[{"href":"https:\/\/www.radioamigavallenar.cl\/index.php?rest_route=\/wp\/v2\/posts"}],"about":[{"href":"https:\/\/www.radioamigavallenar.cl\/index.php?rest_route=\/wp\/v2\/types\/post"}],"author":[{"embeddable":true,"href":"https:\/\/www.radioamigavallenar.cl\/index.php?rest_route=\/wp\/v2\/users\/2"}],"replies":[{"embeddable":true,"href":"https:\/\/www.radioamigavallenar.cl\/index.php?rest_route=%2Fwp%2Fv2%2Fcomments&post=16548"}],"version-history":[{"count":0,"href":"https:\/\/www.radioamigavallenar.cl\/index.php?rest_route=\/wp\/v2\/posts\/16548\/revisions"}],"wp:featuredmedia":[{"embeddable":true,"href":"https:\/\/www.radioamigavallenar.cl\/index.php?rest_route=\/wp\/v2\/media\/16549"}],"wp:attachment":[{"href":"https:\/\/www.radioamigavallenar.cl\/index.php?rest_route=%2Fwp%2Fv2%2Fmedia&parent=16548"}],"wp:term":[{"taxonomy":"category","embeddable":true,"href":"https:\/\/www.radioamigavallenar.cl\/index.php?rest_route=%2Fwp%2Fv2%2Fcategories&post=16548"},{"taxonomy":"post_tag","embeddable":true,"href":"https:\/\/www.radioamigavallenar.cl\/index.php?rest_route=%2Fwp%2Fv2%2Ftags&post=16548"}],"curies":[{"name":"wp","href":"https:\/\/api.w.org\/{rel}","templated":true}]}}