{"id":16545,"date":"2019-09-14T00:00:07","date_gmt":"2019-09-14T03:00:07","guid":{"rendered":"https:\/\/www.radioamigavallenar.cl\/?p=16545"},"modified":"2019-09-13T19:08:45","modified_gmt":"2019-09-13T22:08:45","slug":"comision-del-core-sesiona-por-primera-vez-en-un-observatorio-astronomico-y-descentraliza-su-gestion-en-diego-de-almagro","status":"publish","type":"post","link":"https:\/\/www.radioamigavallenar.cl\/?p=16545","title":{"rendered":"Comisi\u00f3n del CORE sesiona por primera vez en un Observatorio Astron\u00f3mico y descentraliza su gesti\u00f3n en Diego de Almagro"},"content":{"rendered":"\n<figure class=\"wp-block-image\"><img loading=\"lazy\" decoding=\"async\" width=\"800\" height=\"393\" src=\"https:\/\/www.radioamigavallenar.cl\/wp-content\/uploads\/2019\/09\/Pleno-en-Diego-de-Almagro-800x393.jpg\" alt=\"\" class=\"wp-image-16546\" srcset=\"https:\/\/www.radioamigavallenar.cl\/wp-content\/uploads\/2019\/09\/Pleno-en-Diego-de-Almagro-800x393.jpg 800w, https:\/\/www.radioamigavallenar.cl\/wp-content\/uploads\/2019\/09\/Pleno-en-Diego-de-Almagro-800x393-300x147.jpg 300w, https:\/\/www.radioamigavallenar.cl\/wp-content\/uploads\/2019\/09\/Pleno-en-Diego-de-Almagro-800x393-768x377.jpg 768w\" sizes=\"auto, (max-width: 800px) 100vw, 800px\" \/><\/figure>\n\n\n\n<p>Los 14 Consejeros y Consejeras Regionales se reunieron en la comuna de Diego de Almagro, regi\u00f3n de Atacama, para analizar una serie de temas de inter\u00e9s social, econ\u00f3mico e inversi\u00f3n tur\u00edstica, mediante las Comisiones de Desarrollo Social, Provinciales Unidas e Inversiones, destacando que por primera vez una Comisi\u00f3n del CORE sesiona en el Observatorio Astron\u00f3mico de la localidad de Inca de Oro, entregando un nuevo mensaje de descentralizaci\u00f3n en la zona.<\/p>\n\n\n\n<p>As\u00ed lo destac\u00f3 el Presidente del Consejo Regional de Atacama, Javier Castillo, quien precis\u00f3 que \u201cdescentralizar es entender que Chile no es Santiago y que Atacama no es Copiap\u00f3, es por eso que el Consejo Regional ha estado en cada una de las comunas de la regi\u00f3n. Creemos que hemos marcado un hito porque no solamente llegamos a la comuna de Diego de Almagro, sino que a la localidad de Inca de Oro. Esto est\u00e1 dentro de la construcci\u00f3n pol\u00edtica del CORE, en medio de la formulaci\u00f3n de la Estrategia al 2030, un instrumento de planificaci\u00f3n de gran valor para el futuro de la regi\u00f3n de Atacama y sus habitantes\u201d, puntualiz\u00f3 la autoridad.<\/p>\n\n\n\n<p>La Comisi\u00f3n de Inversiones del CORE, que lidera el Consejero Gabriel Manquez, se constituy\u00f3 en el Observatorio Astron\u00f3mico de Inca de Oro, ubicado a unos 100 kil\u00f3metros al noreste de Copiap\u00f3 y a 45 kil\u00f3metros de la comuna de Diego de Almagro, perteneciente a la provincia de Cha\u00f1aral.<\/p>\n\n\n\n<p>En dicha oportunidad, los Consejeros Regionales analizaron el proyecto de restauraci\u00f3n Villa Vi\u00f1a de Cristo presentado por la Direcci\u00f3n de Arquitectura del MOP, por un monto de M$2.109.493.- (dos mil 109 millones 493 mil pesos). Luego de ello, el alcalde de Diego de Almagro, Isa\u00edas Zavala, acompa\u00f1ado por los concejales, dio a conocer la cartera de proyectos de la municipalidad con \u00e9nfasis en obras urbanas que mejoren la calidad de vida de sus habitantes y generen mano de obra local. El financiamiento ser\u00eda con recursos FNDR del Gobierno Regional, tras aprobaci\u00f3n del Consejo Regional.<\/p>\n\n\n\n<h3 class=\"wp-block-heading\">Desarrollo social<\/h3>\n\n\n\n<p>Los integrantes de las Comisiones Provinciales Unidas de Copiap\u00f3, Huasco y Cha\u00f1aral junto a la Comisi\u00f3n de Desarrollo Social del CORE Atacama, que preside el Consejero H\u00e9ctor Volta, se reunieron en la municipalidad de Diego de Almagro, \u2013 junto a la Jefa de la Divisi\u00f3n de Desarrollo Social Humano, Carolina Rojas, y la Jefa de la Divisi\u00f3n de Presupuesto e Inversi\u00f3n Regional, Luz Cabello-, para abordar las propuestas de bases de las Glosas del 6% del Gobierno Regional a\u00f1o 2020.<\/p>\n\n\n\n<p>Cabe recordar que, las Glosas del 6% del Gobierno Regional permiten otorgar recursos a actividades culturales, deportivas, de seguridad ciudadana, de car\u00e1cter social, entre otros, que efect\u00faen las municipalidades, entidades p\u00fablicas o instituciones privadas sin fines de lucro, favoreciendo as\u00ed a las comunidades.<\/p>\n\n\n\n<h3 class=\"wp-block-heading\">Pleno<\/h3>\n\n\n\n<p>En la misma l\u00ednea sobre pol\u00edtica descentralizada que impulsa el Consejo Regional de Atacama, los CORES en pleno se reunieron en el sal\u00f3n del municipio de Diego de Almagro para su Sesi\u00f3n Ordinaria N\u00b017 del presente a\u00f1o. Ocasi\u00f3n donde se dio cuenta del trabajo de las comisiones, aprobaci\u00f3n de acuerdos y propuestas de pol\u00edticas p\u00fablicas que permitan el desarrollo de la regi\u00f3n, con \u00e9nfasis en el bienestar de sus habitantes.<\/p>\n","protected":false},"excerpt":{"rendered":"<p>Los 14 Consejeros y Consejeras Regionales se reunieron en la comuna de Diego de Almagro, regi\u00f3n de Atacama, para analizar una serie de temas de&hellip; <\/p>\n","protected":false},"author":2,"featured_media":16546,"comment_status":"open","ping_status":"closed","sticky":false,"template":"","format":"standard","meta":{"footnotes":""},"categories":[7],"tags":[],"class_list":["post-16545","post","type-post","status-publish","format-standard","has-post-thumbnail","hentry","category-atacama"],"_links":{"self":[{"href":"https:\/\/www.radioamigavallenar.cl\/index.php?rest_route=\/wp\/v2\/posts\/16545","targetHints":{"allow":["GET"]}}],"collection":[{"href":"https:\/\/www.radioamigavallenar.cl\/index.php?rest_route=\/wp\/v2\/posts"}],"about":[{"href":"https:\/\/www.radioamigavallenar.cl\/index.php?rest_route=\/wp\/v2\/types\/post"}],"author":[{"embeddable":true,"href":"https:\/\/www.radioamigavallenar.cl\/index.php?rest_route=\/wp\/v2\/users\/2"}],"replies":[{"embeddable":true,"href":"https:\/\/www.radioamigavallenar.cl\/index.php?rest_route=%2Fwp%2Fv2%2Fcomments&post=16545"}],"version-history":[{"count":0,"href":"https:\/\/www.radioamigavallenar.cl\/index.php?rest_route=\/wp\/v2\/posts\/16545\/revisions"}],"wp:featuredmedia":[{"embeddable":true,"href":"https:\/\/www.radioamigavallenar.cl\/index.php?rest_route=\/wp\/v2\/media\/16546"}],"wp:attachment":[{"href":"https:\/\/www.radioamigavallenar.cl\/index.php?rest_route=%2Fwp%2Fv2%2Fmedia&parent=16545"}],"wp:term":[{"taxonomy":"category","embeddable":true,"href":"https:\/\/www.radioamigavallenar.cl\/index.php?rest_route=%2Fwp%2Fv2%2Fcategories&post=16545"},{"taxonomy":"post_tag","embeddable":true,"href":"https:\/\/www.radioamigavallenar.cl\/index.php?rest_route=%2Fwp%2Fv2%2Ftags&post=16545"}],"curies":[{"name":"wp","href":"https:\/\/api.w.org\/{rel}","templated":true}]}}