{"id":16334,"date":"2019-09-07T02:25:08","date_gmt":"2019-09-07T06:25:08","guid":{"rendered":"https:\/\/www.radioamigavallenar.cl\/?p=16334"},"modified":"2019-09-07T02:25:09","modified_gmt":"2019-09-07T06:25:09","slug":"alcalde-cristian-tapia-dio-a-conocer-programa-oficial-de-fiestas-patrias-en-vallenar","status":"publish","type":"post","link":"https:\/\/www.radioamigavallenar.cl\/?p=16334","title":{"rendered":"Alcalde Cristian Tapia dio a conocer programa oficial de Fiestas Patrias en Vallenar"},"content":{"rendered":"\n<figure class=\"wp-block-image\"><img loading=\"lazy\" decoding=\"async\" width=\"960\" height=\"483\" src=\"https:\/\/www.radioamigavallenar.cl\/wp-content\/uploads\/2019\/09\/programa-vallenar.jpg\" alt=\"\" class=\"wp-image-16335\" srcset=\"https:\/\/www.radioamigavallenar.cl\/wp-content\/uploads\/2019\/09\/programa-vallenar.jpg 960w, https:\/\/www.radioamigavallenar.cl\/wp-content\/uploads\/2019\/09\/programa-vallenar-300x151.jpg 300w, https:\/\/www.radioamigavallenar.cl\/wp-content\/uploads\/2019\/09\/programa-vallenar-768x386.jpg 768w\" sizes=\"auto, (max-width: 960px) 100vw, 960px\" \/><\/figure>\n\n\n\n<p>En la comuna de Vallenar, la ma\u00f1ana de este viernes, se dio a conocer el programa de celebraci\u00f3n de nuestras Fiestas Patrias.<\/p>\n\n\n\n<p>En las dependencias de la municipalidad de Vallenar, el alcalde Cristian Tapia Ramos, realiz\u00f3 el lanzamiento del programa de actividades, en el marco de las celebraciones de nuestras fiestas patrias.<\/p>\n\n\n\n<p>En la oportunidad el alcalde estuvo acompa\u00f1ado por la pareja de cueca infantil del liceo San Francisco, que viajar\u00e1 al campeonato nacional a realizarse en La Ligua, integrada por Amaral Cataldo y Eduardo Rojas de la Agrupaci\u00f3n Pasi\u00f3n Atacame\u00f1a.<\/p>\n\n\n\n<p>Las actividades oficiales comienzan este s\u00e1bado 07 de septiembre, con la Bienvenida a las Fiestas Patrias, la que se realizar\u00e1 en la Plaza Ambrosio O\u00b4Higgins, desde las 10:00 de la ma\u00f1ana. Posteriormente, el domingo 08, tambi\u00e9n desde las 10:00 horas, se desarrollar\u00e1 el Paseo de la Cultura, en la Plazoleta Santa Cruz de la Poblaci\u00f3n Torreblanca.<\/p>\n\n\n\n<p>Dentro de este mismo programa, se contempla adem\u00e1s con fecha lunes 30 de septiembre la realizaci\u00f3n de la actividad llamada \u201c65 Cuecas\u201d, la cual se llevar\u00e1 a efecto en la Escuela Jos\u00e9 Carocca LaFlor.<\/p>\n\n\n\n<p>En la oportunidad, la m\u00e1xima autoridad de Vallenar, hizo un llamado a la comunidad para este s\u00e1bado, a las 18:00 horas a acompa\u00f1ar a Club de Deportes Vallenar, que se enfrenta a Colchagua, en el estadio Nelson Rojas.<\/p>\n","protected":false},"excerpt":{"rendered":"<p>En la comuna de Vallenar, la ma\u00f1ana de este viernes, se dio a conocer el programa de celebraci\u00f3n de nuestras Fiestas Patrias. En las dependencias&hellip; <\/p>\n","protected":false},"author":2,"featured_media":16335,"comment_status":"open","ping_status":"closed","sticky":false,"template":"","format":"standard","meta":{"footnotes":""},"categories":[1,2],"tags":[],"class_list":["post-16334","post","type-post","status-publish","format-standard","has-post-thumbnail","hentry","category-provincia-del-huasco-2","category-vallenar"],"_links":{"self":[{"href":"https:\/\/www.radioamigavallenar.cl\/index.php?rest_route=\/wp\/v2\/posts\/16334","targetHints":{"allow":["GET"]}}],"collection":[{"href":"https:\/\/www.radioamigavallenar.cl\/index.php?rest_route=\/wp\/v2\/posts"}],"about":[{"href":"https:\/\/www.radioamigavallenar.cl\/index.php?rest_route=\/wp\/v2\/types\/post"}],"author":[{"embeddable":true,"href":"https:\/\/www.radioamigavallenar.cl\/index.php?rest_route=\/wp\/v2\/users\/2"}],"replies":[{"embeddable":true,"href":"https:\/\/www.radioamigavallenar.cl\/index.php?rest_route=%2Fwp%2Fv2%2Fcomments&post=16334"}],"version-history":[{"count":0,"href":"https:\/\/www.radioamigavallenar.cl\/index.php?rest_route=\/wp\/v2\/posts\/16334\/revisions"}],"wp:featuredmedia":[{"embeddable":true,"href":"https:\/\/www.radioamigavallenar.cl\/index.php?rest_route=\/wp\/v2\/media\/16335"}],"wp:attachment":[{"href":"https:\/\/www.radioamigavallenar.cl\/index.php?rest_route=%2Fwp%2Fv2%2Fmedia&parent=16334"}],"wp:term":[{"taxonomy":"category","embeddable":true,"href":"https:\/\/www.radioamigavallenar.cl\/index.php?rest_route=%2Fwp%2Fv2%2Fcategories&post=16334"},{"taxonomy":"post_tag","embeddable":true,"href":"https:\/\/www.radioamigavallenar.cl\/index.php?rest_route=%2Fwp%2Fv2%2Ftags&post=16334"}],"curies":[{"name":"wp","href":"https:\/\/api.w.org\/{rel}","templated":true}]}}