{"id":16179,"date":"2019-09-03T00:00:43","date_gmt":"2019-09-03T04:00:43","guid":{"rendered":"https:\/\/www.radioamigavallenar.cl\/?p=16179"},"modified":"2019-09-02T22:20:06","modified_gmt":"2019-09-03T02:20:06","slug":"enami-dicta-curso-de-soldadura-para-estudiantes-del-liceo-c-10-de-tierra-amarilla","status":"publish","type":"post","link":"https:\/\/www.radioamigavallenar.cl\/?p=16179","title":{"rendered":"Enami dicta curso de soldadura para estudiantes del Liceo C-10 de Tierra Amarilla"},"content":{"rendered":"\n<div class=\"wp-block-image\"><figure class=\"aligncenter is-resized\"><img loading=\"lazy\" decoding=\"async\" src=\"https:\/\/www.radioamigavallenar.cl\/wp-content\/uploads\/2019\/09\/PHOTO-2019-08-28-19-15-46-1024x768.jpg\" alt=\"\" class=\"wp-image-16180\" width=\"519\" height=\"389\" srcset=\"https:\/\/www.radioamigavallenar.cl\/wp-content\/uploads\/2019\/09\/PHOTO-2019-08-28-19-15-46-1024x768.jpg 1024w, https:\/\/www.radioamigavallenar.cl\/wp-content\/uploads\/2019\/09\/PHOTO-2019-08-28-19-15-46-300x225.jpg 300w, https:\/\/www.radioamigavallenar.cl\/wp-content\/uploads\/2019\/09\/PHOTO-2019-08-28-19-15-46-768x576.jpg 768w, https:\/\/www.radioamigavallenar.cl\/wp-content\/uploads\/2019\/09\/PHOTO-2019-08-28-19-15-46.jpg 1280w\" sizes=\"auto, (max-width: 519px) 100vw, 519px\" \/><\/figure><\/div>\n\n\n\n<p>En el marco de su responsabilidad social empresarial, la Empresa Nacional de Miner\u00eda (Enami), a trav\u00e9s de la fundaci\u00f3n \u201cHern\u00e1n Videla Lira\u201d dio inicio a un curso de soldadura que beneficiar\u00e1 a 47 j\u00f3venes alumnos del liceo \u201cJorge Alessandri Rodr\u00edguez\u201d de Tierra Amarilla, quienes al cabo de la capacitaci\u00f3n recibir\u00e1n su correspondiente certificado de acreditaci\u00f3n.<\/p>\n\n\n\n<p>Este programa se inici\u00f3 el mi\u00e9rcoles 28 de agosto reci\u00e9n pasado y se extender\u00e1 hasta el 14 de septiembre en curso, en dos grupos de alumnos, con cursos de 8 horas diarias, incluyendo los s\u00e1bados, hasta completar las 100 horas lectivas.<\/p>\n\n\n\n<p>Este programa de ense\u00f1anza t\u00e9cnica lo ejecuta el organismo t\u00e9cnico de capacitaci\u00f3n \u201cAntu Capacitaci\u00f3n\u201d, una empresa regional.<\/p>\n\n\n\n<p>Cabe resaltar que la presentaci\u00f3n del programa la realiz\u00f3 el gerente de Sustentabilidad de Enami, V\u00edctor Olivarez, en conjunto con la directora del Liceo, do\u00f1a Ruth Vega Donoso, y la gerente de la OTEC Antu, Elizabeth Rivadeneira.<\/p>\n","protected":false},"excerpt":{"rendered":"<p>En el marco de su responsabilidad social empresarial, la Empresa Nacional de Miner\u00eda (Enami), a trav\u00e9s de la fundaci\u00f3n \u201cHern\u00e1n Videla Lira\u201d dio inicio a&hellip; <\/p>\n","protected":false},"author":2,"featured_media":16180,"comment_status":"open","ping_status":"closed","sticky":false,"template":"","format":"standard","meta":{"footnotes":""},"categories":[7,34],"tags":[],"class_list":["post-16179","post","type-post","status-publish","format-standard","has-post-thumbnail","hentry","category-atacama","category-mineria"],"_links":{"self":[{"href":"https:\/\/www.radioamigavallenar.cl\/index.php?rest_route=\/wp\/v2\/posts\/16179","targetHints":{"allow":["GET"]}}],"collection":[{"href":"https:\/\/www.radioamigavallenar.cl\/index.php?rest_route=\/wp\/v2\/posts"}],"about":[{"href":"https:\/\/www.radioamigavallenar.cl\/index.php?rest_route=\/wp\/v2\/types\/post"}],"author":[{"embeddable":true,"href":"https:\/\/www.radioamigavallenar.cl\/index.php?rest_route=\/wp\/v2\/users\/2"}],"replies":[{"embeddable":true,"href":"https:\/\/www.radioamigavallenar.cl\/index.php?rest_route=%2Fwp%2Fv2%2Fcomments&post=16179"}],"version-history":[{"count":0,"href":"https:\/\/www.radioamigavallenar.cl\/index.php?rest_route=\/wp\/v2\/posts\/16179\/revisions"}],"wp:featuredmedia":[{"embeddable":true,"href":"https:\/\/www.radioamigavallenar.cl\/index.php?rest_route=\/wp\/v2\/media\/16180"}],"wp:attachment":[{"href":"https:\/\/www.radioamigavallenar.cl\/index.php?rest_route=%2Fwp%2Fv2%2Fmedia&parent=16179"}],"wp:term":[{"taxonomy":"category","embeddable":true,"href":"https:\/\/www.radioamigavallenar.cl\/index.php?rest_route=%2Fwp%2Fv2%2Fcategories&post=16179"},{"taxonomy":"post_tag","embeddable":true,"href":"https:\/\/www.radioamigavallenar.cl\/index.php?rest_route=%2Fwp%2Fv2%2Ftags&post=16179"}],"curies":[{"name":"wp","href":"https:\/\/api.w.org\/{rel}","templated":true}]}}