{"id":16143,"date":"2019-09-01T08:33:51","date_gmt":"2019-09-01T12:33:51","guid":{"rendered":"https:\/\/www.radioamigavallenar.cl\/?p=16143"},"modified":"2019-09-01T09:03:29","modified_gmt":"2019-09-01T13:03:29","slug":"aes-gener-avanza-con-la-construccion-de-845-mw-de-energias-renovables-en-chile","status":"publish","type":"post","link":"https:\/\/www.radioamigavallenar.cl\/?p=16143","title":{"rendered":"Aes Gener avanza con la construcci\u00f3n de 845 MW de energ\u00edas renovables en Chile"},"content":{"rendered":"\n<figure class=\"wp-block-image\"><img loading=\"lazy\" decoding=\"async\" width=\"750\" height=\"401\" src=\"https:\/\/www.radioamigavallenar.cl\/wp-content\/uploads\/2019\/09\/6.09.40.png\" alt=\"\" class=\"wp-image-16144\" srcset=\"https:\/\/www.radioamigavallenar.cl\/wp-content\/uploads\/2019\/09\/6.09.40.png 750w, https:\/\/www.radioamigavallenar.cl\/wp-content\/uploads\/2019\/09\/6.09.40-300x160.png 300w\" sizes=\"auto, (max-width: 750px) 100vw, 750px\" \/><\/figure>\n\n\n\n<p><strong><em>Inicia la construcci\u00f3n de su primer parque e\u00f3lico Mesam\u00e1vida y la expansi\u00f3n de Andes Solar.<\/em><em>Es la empresa generadora con mayor capacidad renovable en construcci\u00f3n.<\/em><\/strong><\/p>\n\n\n\n<p>AES Gener dio inicio a la construcci\u00f3n de su parque e\u00f3lico, Mesam\u00e1vida, y a la primera expansi\u00f3n de su parque fotovoltaico Andes Solar. Los proyectos son parte esencial de su estrategia y compromiso de acelerar la descarbonizaci\u00f3n del sistema el\u00e9ctrico chileno con la ampliaci\u00f3n de su portafolio de energ\u00edas renovables.<\/p>\n\n\n\n<p>La ceremonia de primera piedra cont\u00f3 con la asistencia de los ministros de Energ\u00eda, Juan Carlos Jobet, y de Bienes Nacionales, Felipe Ward, clientes, inversionistas directores y ejecutivos de la compa\u00f1\u00eda.<\/p>\n\n\n\n<p>El parque e\u00f3lico Mesam\u00e1vida, ubicado en la comuna de Los \u00c1ngeles, en la regi\u00f3n de Biob\u00edo, aportar\u00e1 60 MW y cuenta con un excelente factor de planta. Su desarrollo contempla la instalaci\u00f3n de 13 aerogeneradores de fabricaci\u00f3n alemana. Ser\u00e1 el primero de una serie de parques e\u00f3licos que la compa\u00f1\u00eda construir\u00e1 como parte de su plan de crecimiento en la regi\u00f3n del Biob\u00edo.<\/p>\n\n\n\n<p>La primera fase de expansi\u00f3n del parque fotovoltaico Andes Solar, agregar\u00e1 80 MW al sistema. Este proyecto cuenta con factores diferenciadores que influyen positivamente en su operaci\u00f3n. Adem\u00e1s de estar emplazado en el desierto de Atacama, reconocido mundialmente por su alta radiaci\u00f3n, las bajas temperaturas cordilleranas aumentan la generaci\u00f3n energ\u00e9tica de los paneles fotovoltaicos volvi\u00e9ndolos particularmente eficientes. En esta segunda etapa, AES Gener instalar\u00e1 m\u00e1s de 200.000 paneles bifaciales que capturan la radiaci\u00f3n directa e indirecta del sol al reflejarse en el suelo.<\/p>\n\n\n\n<p>Andes Solar II se suma a la primera etapa, Andes Solar I, que entr\u00f3 en operaciones en 2016. Ambos parques tendr\u00e1n una extensi\u00f3n de 280 hect\u00e1reas e inyectar\u00e1n un total de 101 MW al sistema el\u00e9ctrico nacional.<\/p>\n\n\n\n<p><em>\u201cEstamos muy contentos y orgullosos con el inicio de la construcci\u00f3n del Primer Parque E\u00f3lico de AES Gener en Chile. Mesam\u00e1vida es el primero de una serie de parques que construiremos en el sur del pa\u00eds en l\u00ednea con nuestro plan de crecimiento renovable y reducci\u00f3n de emisiones. Adem\u00e1s, avanzaremos en la primera expansi\u00f3n de nuestro eficiente Parque Fotovoltaico Andes Solar en Antofagasta. Ambos proyectos son parte de nuestra estrategia Greentegra y van en l\u00ednea con nuestra misi\u00f3n&nbsp;de mejorar vidas acelerando un futuro energ\u00e9tico m\u00e1s seguro y sustentable y con nuestro compromiso de descarbonizar la matriz&nbsp;energ\u00e9tica chilena\u201d dijo Ricardo Fal\u00fa, gerente general de AES Gener.<\/em><\/p>\n\n\n\n<p>El ministro de Energ\u00eda, Juan Carlos Jobet, indic\u00f3 que \u201cel plan de descarbonizaci\u00f3n ser\u00e1 el gran hito del gobierno y del Ministerio de Energ\u00eda de cara a la COP 25.&nbsp; La primera y m\u00e1s importante es el cierre de las 28 centrales a carb\u00f3n del pa\u00eds que anunci\u00f3 el Presidente a 2040. Ello, va en la l\u00ednea de lograr la carbono-neutralidad a 2050. En este contexto, proyectos como Mesam\u00e1vida y Andes Solar II, que est\u00e1 desarrollando la empresa AES Gener, son importantes para cumplir este compromiso\u201d.<\/p>\n\n\n\n<p>En tanto, el ministro de Bienes Nacionales, Felipe Ward asegur\u00f3 que \u201csabemos lo importantes que son las energ\u00edas renovables para el desarrollo sustentable de nuestro pa\u00eds, y por eso ponemos el territorio a disposici\u00f3n de buenos proyectos, como los que hoy se est\u00e1n lanzando\u201d. \u201cDesde el Ministerio de Bienes Nacionales, hacemos un aporte relevante al desarrollo de las energ\u00edas renovables: 54% de los megawatts de energ\u00eda solar y e\u00f3lica se generan en territorio fiscal\u201d, agreg\u00f3 el ministro Ward.<\/p>\n\n\n\n<p>Ricardo Fal\u00fa agreg\u00f3 que gracias al esfuerzo y dedicaci\u00f3n del equipo la compa\u00f1\u00eda terminar\u00e1 el a\u00f1o con 845 MW de proyectos renovables en construcci\u00f3n, siendo la empresa generadora con mayor cantidad de proyectos renovables en construcci\u00f3n en el pa\u00eds.<\/p>\n\n\n\n<p>AES Gener cuenta con un portafolio de m\u00e1s de 4.800 MW de proyectos en desarrollo entre renovables y bater\u00edas.<\/p>\n\n\n\n<p>La compa\u00f1\u00eda es la empresa l\u00edder en bater\u00edas de almacenamiento de energ\u00eda de Sudam\u00e9rica. Cuenta con 52 MW en operaci\u00f3n y tiene en construcci\u00f3n 10 MW por 5 horas en el proyecto innovador y pionero reservorio virtual.<\/p>\n","protected":false},"excerpt":{"rendered":"<p>Inicia la construcci\u00f3n de su primer parque e\u00f3lico Mesam\u00e1vida y la expansi\u00f3n de Andes Solar.Es la empresa generadora con mayor capacidad renovable en construcci\u00f3n. AES&hellip; <\/p>\n","protected":false},"author":2,"featured_media":16144,"comment_status":"open","ping_status":"closed","sticky":false,"template":"","format":"standard","meta":{"footnotes":""},"categories":[7,37],"tags":[],"class_list":["post-16143","post","type-post","status-publish","format-standard","has-post-thumbnail","hentry","category-atacama","category-nacional"],"_links":{"self":[{"href":"https:\/\/www.radioamigavallenar.cl\/index.php?rest_route=\/wp\/v2\/posts\/16143","targetHints":{"allow":["GET"]}}],"collection":[{"href":"https:\/\/www.radioamigavallenar.cl\/index.php?rest_route=\/wp\/v2\/posts"}],"about":[{"href":"https:\/\/www.radioamigavallenar.cl\/index.php?rest_route=\/wp\/v2\/types\/post"}],"author":[{"embeddable":true,"href":"https:\/\/www.radioamigavallenar.cl\/index.php?rest_route=\/wp\/v2\/users\/2"}],"replies":[{"embeddable":true,"href":"https:\/\/www.radioamigavallenar.cl\/index.php?rest_route=%2Fwp%2Fv2%2Fcomments&post=16143"}],"version-history":[{"count":0,"href":"https:\/\/www.radioamigavallenar.cl\/index.php?rest_route=\/wp\/v2\/posts\/16143\/revisions"}],"wp:featuredmedia":[{"embeddable":true,"href":"https:\/\/www.radioamigavallenar.cl\/index.php?rest_route=\/wp\/v2\/media\/16144"}],"wp:attachment":[{"href":"https:\/\/www.radioamigavallenar.cl\/index.php?rest_route=%2Fwp%2Fv2%2Fmedia&parent=16143"}],"wp:term":[{"taxonomy":"category","embeddable":true,"href":"https:\/\/www.radioamigavallenar.cl\/index.php?rest_route=%2Fwp%2Fv2%2Fcategories&post=16143"},{"taxonomy":"post_tag","embeddable":true,"href":"https:\/\/www.radioamigavallenar.cl\/index.php?rest_route=%2Fwp%2Fv2%2Ftags&post=16143"}],"curies":[{"name":"wp","href":"https:\/\/api.w.org\/{rel}","templated":true}]}}