{"id":16070,"date":"2019-08-30T00:01:31","date_gmt":"2019-08-30T04:01:31","guid":{"rendered":"https:\/\/www.radioamigavallenar.cl\/?p=16070"},"modified":"2019-08-30T13:26:19","modified_gmt":"2019-08-30T17:26:19","slug":"alcaldes-de-la-provincia-del-huasco-se-reunen-con-ejecutivos-del-proyecto-de-hierro-mariposa-para-conocer-sus-avances","status":"publish","type":"post","link":"https:\/\/www.radioamigavallenar.cl\/?p=16070","title":{"rendered":"Alcaldes de la provincia del Huasco se re\u00fanen con ejecutivos del Proyecto de Hierro \u201cMariposa\u201d para conocer sus avances"},"content":{"rendered":"\n<figure class=\"wp-block-image\"><img loading=\"lazy\" decoding=\"async\" width=\"960\" height=\"720\" src=\"https:\/\/www.radioamigavallenar.cl\/wp-content\/uploads\/2019\/08\/mariposa1.jpg\" alt=\"\" class=\"wp-image-16075\" srcset=\"https:\/\/www.radioamigavallenar.cl\/wp-content\/uploads\/2019\/08\/mariposa1.jpg 960w, https:\/\/www.radioamigavallenar.cl\/wp-content\/uploads\/2019\/08\/mariposa1-300x225.jpg 300w, https:\/\/www.radioamigavallenar.cl\/wp-content\/uploads\/2019\/08\/mariposa1-768x576.jpg 768w\" sizes=\"auto, (max-width: 960px) 100vw, 960px\" \/><\/figure>\n\n\n\n<p>La ma\u00f1ana de ayer jueves, los representantes y ejecutivos del proyecto Minero de Hierro \u201cMariposa\u201d, se reunieron con los alcaldes de la provincia del Huasco, Cristian Tapia Ramos, de Vallenar, y los de Freirina y Huasco, para informar sobre los aspectos generales del proyecto minero que se emplaza al sur de la comuna de Vallenar.<\/p>\n\n\n\n<p>El proyecto, que ya est\u00e1 aprobado, se encuentra en etapa de los permisos sectoriales, para as\u00ed iniciar las obras tempranas en el mes de enero del 2020 y que generar\u00edan un importa n\u00famero del de puestos de trabajo para la provincia.<\/p>\n\n\n\n<p>El alcalde Cristian Tapia Ramos, destac\u00f3 la importancia de este proyecto<\/p>\n\n\n\n<figure class=\"wp-block-audio\"><audio controls src=\"https:\/\/www.radioamigavallenar.cl\/wp-content\/uploads\/2019\/08\/MARIPOSA-1.mp3\"><\/audio><\/figure>\n\n\n\n<p>En la ocasi\u00f3n mencion\u00f3 que se proyecta algunas cifras de la mano de obra que se va a requerir, donde se va a determinar el perfil de trabajadores que se necesitar\u00e1n, tanto en la construcci\u00f3n como en la operaci\u00f3n del proyecto de hierro<\/p>\n\n\n\n<figure class=\"wp-block-audio\"><audio controls src=\"https:\/\/www.radioamigavallenar.cl\/wp-content\/uploads\/2019\/08\/MARIPOSA-2.mp3\"><\/audio><\/figure>\n\n\n\n<p>El alcalde Tapia se mostr\u00f3 confiado en la concreci\u00f3n real del proyecto Mariposa, ya que son varios a\u00f1os en que se seguido con las tramitaciones correspondientes, solo faltando algunos permisos espec\u00edficos para seguir con las siguientes etapas<\/p>\n\n\n\n<figure class=\"wp-block-audio\"><audio controls src=\"https:\/\/www.radioamigavallenar.cl\/wp-content\/uploads\/2019\/08\/MARIPOSA-3.mp3\"><\/audio><\/figure>\n\n\n\n<p>Respecto del aporte que vendr\u00eda a entregar a la alica\u00edda econom\u00eda provincial en la zona, Cristian Tapia valor\u00f3 que se espera que una vez que se cumplan con todos los tr\u00e1mites pendientes, esto sin duda ser\u00e1 una buena opci\u00f3n para poder mejorar las cifras negativas de los \u00faltimos meses que han marcado el desempleo<\/p>\n\n\n\n<figure class=\"wp-block-audio\"><audio controls src=\"https:\/\/www.radioamigavallenar.cl\/wp-content\/uploads\/2019\/08\/MARIPOSA-4.mp3\"><\/audio><\/figure>\n","protected":false},"excerpt":{"rendered":"<p>La ma\u00f1ana de ayer jueves, los representantes y ejecutivos del proyecto Minero de Hierro \u201cMariposa\u201d, se reunieron con los alcaldes de la provincia del Huasco,&hellip; <\/p>\n","protected":false},"author":2,"featured_media":16075,"comment_status":"open","ping_status":"closed","sticky":false,"template":"","format":"standard","meta":{"footnotes":""},"categories":[7,3,4,2],"tags":[],"class_list":["post-16070","post","type-post","status-publish","format-standard","has-post-thumbnail","hentry","category-atacama","category-freirina","category-huasco","category-vallenar"],"_links":{"self":[{"href":"https:\/\/www.radioamigavallenar.cl\/index.php?rest_route=\/wp\/v2\/posts\/16070","targetHints":{"allow":["GET"]}}],"collection":[{"href":"https:\/\/www.radioamigavallenar.cl\/index.php?rest_route=\/wp\/v2\/posts"}],"about":[{"href":"https:\/\/www.radioamigavallenar.cl\/index.php?rest_route=\/wp\/v2\/types\/post"}],"author":[{"embeddable":true,"href":"https:\/\/www.radioamigavallenar.cl\/index.php?rest_route=\/wp\/v2\/users\/2"}],"replies":[{"embeddable":true,"href":"https:\/\/www.radioamigavallenar.cl\/index.php?rest_route=%2Fwp%2Fv2%2Fcomments&post=16070"}],"version-history":[{"count":0,"href":"https:\/\/www.radioamigavallenar.cl\/index.php?rest_route=\/wp\/v2\/posts\/16070\/revisions"}],"wp:featuredmedia":[{"embeddable":true,"href":"https:\/\/www.radioamigavallenar.cl\/index.php?rest_route=\/wp\/v2\/media\/16075"}],"wp:attachment":[{"href":"https:\/\/www.radioamigavallenar.cl\/index.php?rest_route=%2Fwp%2Fv2%2Fmedia&parent=16070"}],"wp:term":[{"taxonomy":"category","embeddable":true,"href":"https:\/\/www.radioamigavallenar.cl\/index.php?rest_route=%2Fwp%2Fv2%2Fcategories&post=16070"},{"taxonomy":"post_tag","embeddable":true,"href":"https:\/\/www.radioamigavallenar.cl\/index.php?rest_route=%2Fwp%2Fv2%2Ftags&post=16070"}],"curies":[{"name":"wp","href":"https:\/\/api.w.org\/{rel}","templated":true}]}}