{"id":16061,"date":"2019-08-30T00:01:17","date_gmt":"2019-08-30T04:01:17","guid":{"rendered":"https:\/\/www.radioamigavallenar.cl\/?p=16061"},"modified":"2019-08-29T22:57:25","modified_gmt":"2019-08-30T02:57:25","slug":"invitan-a-agricultores-de-atacama-postular-a-sello-de-certificacion-organica","status":"publish","type":"post","link":"https:\/\/www.radioamigavallenar.cl\/?p=16061","title":{"rendered":"Invitan a agricultores de Atacama postular a sello de certificaci\u00f3n org\u00e1nica"},"content":{"rendered":"\n<figure class=\"wp-block-image\"><img loading=\"lazy\" decoding=\"async\" width=\"1024\" height=\"576\" src=\"https:\/\/www.radioamigavallenar.cl\/wp-content\/uploads\/2019\/08\/francisca-alvear-1024x576-1024x576.jpg\" alt=\"\" class=\"wp-image-16068\" srcset=\"https:\/\/www.radioamigavallenar.cl\/wp-content\/uploads\/2019\/08\/francisca-alvear-1024x576.jpg 1024w, https:\/\/www.radioamigavallenar.cl\/wp-content\/uploads\/2019\/08\/francisca-alvear-1024x576-300x169.jpg 300w, https:\/\/www.radioamigavallenar.cl\/wp-content\/uploads\/2019\/08\/francisca-alvear-1024x576-768x432.jpg 768w\" sizes=\"auto, (max-width: 1024px) 100vw, 1024px\" \/><\/figure>\n\n\n\n<p>Durante la presente semana, estuvo en una visita de trabajo en la regi\u00f3n de Atacama, Francisca Alvear, encargada del Departamento de Agricultura Org\u00e1nica del Servicio Agr\u00edcola y Ganadero, SAG, donde pudo compartir con agricultores en la comuna de Alto del Carmen.<\/p>\n\n\n\n<p>El encuentro tuvo como eje central el poder motivarlos a sumarse a una organizaci\u00f3n de agricultores ecol\u00f3gicos, la que podr\u00eda llegar a ser la primera en la zona y adem\u00e1s conocer los beneficios del sistema de certificaci\u00f3n org\u00e1nica, que lidera el SAG.<\/p>\n\n\n\n<figure class=\"wp-block-audio\"><audio controls src=\"https:\/\/www.radioamigavallenar.cl\/wp-content\/uploads\/2019\/08\/ORGANICO-1.mp3\"><\/audio><\/figure>\n\n\n\n<p>Al ser consultada la especialista por el concepto de Agricultura Org\u00e1nica, Alvear indic\u00f3 que esta parte por su preocupaci\u00f3n por la biodiversidad y de un adecuado manejo de los ecosistemas con el entorno, donde se debe proteger y mantener una actividad biol\u00f3gica del suelo<\/p>\n\n\n\n<figure class=\"wp-block-audio\"><audio controls src=\"https:\/\/www.radioamigavallenar.cl\/wp-content\/uploads\/2019\/08\/ORGANICO-2.mp3\"><\/audio><\/figure>\n\n\n\n<p>La encargada del Departamento de Agricultura Org\u00e1nica del Servicio Agr\u00edcola y Ganadero mencion\u00f3 la importancia que tiene para los consumidores el poder saber detectar cuando los productos tienen un verdadero sello de productos org\u00e1nicos chilenos, y no solo que sea vendido como tal<\/p>\n\n\n\n<figure class=\"wp-block-audio\"><audio controls src=\"https:\/\/www.radioamigavallenar.cl\/wp-content\/uploads\/2019\/08\/ORGANICO-3.mp3\"><\/audio><\/figure>\n\n\n\n<p>Para los productores que deseen poder acceder a informaci\u00f3n de la producci\u00f3n org\u00e1nica, esta se puede encontrar en el sitio web del SAG, (<a href=\"http:\/\/www.sag.cl\/ambitos-de-accion\/certificacion-de-productos-organicos\">http:\/\/www.sag.cl\/ambitos-de-accion\/certificacion-de-productos-organicos<\/a>), adem\u00e1s del correo electr\u00f3nico&nbsp;<a href=\"mailto:organica@sag.cl\">organica@sag.cl<\/a>&nbsp;donde se pueden hacer consultas espec\u00edficas del tema, o con profesionales del SAG en cada regi\u00f3n donde se puede solicitar orientaci\u00f3n.<\/p>\n\n\n\n<p>Por \u00faltimo, Francisca Alvear recomend\u00f3 que los usuarios y consumidores puedan preferir los productos con sellos de certificaci\u00f3n de Agricultura Org\u00e1nica, ya que tiene varios puntos positivos y favorables para todos<\/p>\n\n\n\n<figure class=\"wp-block-audio\"><audio controls src=\"https:\/\/www.radioamigavallenar.cl\/wp-content\/uploads\/2019\/08\/ORGANICO-4.mp3\"><\/audio><\/figure>\n","protected":false},"excerpt":{"rendered":"<p>Durante la presente semana, estuvo en una visita de trabajo en la regi\u00f3n de Atacama, Francisca Alvear, encargada del Departamento de Agricultura Org\u00e1nica del Servicio&hellip; <\/p>\n","protected":false},"author":2,"featured_media":16068,"comment_status":"open","ping_status":"closed","sticky":false,"template":"","format":"standard","meta":{"footnotes":""},"categories":[5,7],"tags":[],"class_list":["post-16061","post","type-post","status-publish","format-standard","has-post-thumbnail","hentry","category-alto-del-carmen","category-atacama"],"_links":{"self":[{"href":"https:\/\/www.radioamigavallenar.cl\/index.php?rest_route=\/wp\/v2\/posts\/16061","targetHints":{"allow":["GET"]}}],"collection":[{"href":"https:\/\/www.radioamigavallenar.cl\/index.php?rest_route=\/wp\/v2\/posts"}],"about":[{"href":"https:\/\/www.radioamigavallenar.cl\/index.php?rest_route=\/wp\/v2\/types\/post"}],"author":[{"embeddable":true,"href":"https:\/\/www.radioamigavallenar.cl\/index.php?rest_route=\/wp\/v2\/users\/2"}],"replies":[{"embeddable":true,"href":"https:\/\/www.radioamigavallenar.cl\/index.php?rest_route=%2Fwp%2Fv2%2Fcomments&post=16061"}],"version-history":[{"count":0,"href":"https:\/\/www.radioamigavallenar.cl\/index.php?rest_route=\/wp\/v2\/posts\/16061\/revisions"}],"wp:featuredmedia":[{"embeddable":true,"href":"https:\/\/www.radioamigavallenar.cl\/index.php?rest_route=\/wp\/v2\/media\/16068"}],"wp:attachment":[{"href":"https:\/\/www.radioamigavallenar.cl\/index.php?rest_route=%2Fwp%2Fv2%2Fmedia&parent=16061"}],"wp:term":[{"taxonomy":"category","embeddable":true,"href":"https:\/\/www.radioamigavallenar.cl\/index.php?rest_route=%2Fwp%2Fv2%2Fcategories&post=16061"},{"taxonomy":"post_tag","embeddable":true,"href":"https:\/\/www.radioamigavallenar.cl\/index.php?rest_route=%2Fwp%2Fv2%2Ftags&post=16061"}],"curies":[{"name":"wp","href":"https:\/\/api.w.org\/{rel}","templated":true}]}}