{"id":16051,"date":"2019-08-30T00:00:33","date_gmt":"2019-08-30T04:00:33","guid":{"rendered":"https:\/\/www.radioamigavallenar.cl\/?p=16051"},"modified":"2019-08-29T22:44:04","modified_gmt":"2019-08-30T02:44:04","slug":"113-organizaciones-se-adjudicaron-el-fondo-nacional-del-adulto-mayor-2019-en-atacama","status":"publish","type":"post","link":"https:\/\/www.radioamigavallenar.cl\/?p=16051","title":{"rendered":"113 organizaciones se adjudicaron el \u201cFondo Nacional del Adulto Mayor 2019\u201d en Atacama"},"content":{"rendered":"\n<ul class=\"wp-block-gallery columns-3 is-cropped wp-block-gallery-1 is-layout-flex wp-block-gallery-is-layout-flex\"><li class=\"blocks-gallery-item\"><figure><img loading=\"lazy\" decoding=\"async\" width=\"1024\" height=\"768\" src=\"https:\/\/www.radioamigavallenar.cl\/wp-content\/uploads\/2019\/08\/EC_PgBMW4AAPiOS-1024x768.jpg\" alt=\"\" data-id=\"16052\" data-link=\"https:\/\/www.radioamigavallenar.cl\/?attachment_id=16052\" class=\"wp-image-16052\" srcset=\"https:\/\/www.radioamigavallenar.cl\/wp-content\/uploads\/2019\/08\/EC_PgBMW4AAPiOS-1024x768.jpg 1024w, https:\/\/www.radioamigavallenar.cl\/wp-content\/uploads\/2019\/08\/EC_PgBMW4AAPiOS-300x225.jpg 300w, https:\/\/www.radioamigavallenar.cl\/wp-content\/uploads\/2019\/08\/EC_PgBMW4AAPiOS-768x576.jpg 768w, https:\/\/www.radioamigavallenar.cl\/wp-content\/uploads\/2019\/08\/EC_PgBMW4AAPiOS.jpg 1440w\" sizes=\"auto, (max-width: 1024px) 100vw, 1024px\" \/><\/figure><\/li><li class=\"blocks-gallery-item\"><figure><img loading=\"lazy\" decoding=\"async\" width=\"1024\" height=\"768\" src=\"https:\/\/www.radioamigavallenar.cl\/wp-content\/uploads\/2019\/08\/EC_PiH5XUAIEnpz-1024x768.jpg\" alt=\"\" data-id=\"16053\" data-link=\"https:\/\/www.radioamigavallenar.cl\/?attachment_id=16053\" class=\"wp-image-16053\" srcset=\"https:\/\/www.radioamigavallenar.cl\/wp-content\/uploads\/2019\/08\/EC_PiH5XUAIEnpz-1024x768.jpg 1024w, https:\/\/www.radioamigavallenar.cl\/wp-content\/uploads\/2019\/08\/EC_PiH5XUAIEnpz-300x225.jpg 300w, https:\/\/www.radioamigavallenar.cl\/wp-content\/uploads\/2019\/08\/EC_PiH5XUAIEnpz-768x576.jpg 768w, https:\/\/www.radioamigavallenar.cl\/wp-content\/uploads\/2019\/08\/EC_PiH5XUAIEnpz.jpg 1440w\" sizes=\"auto, (max-width: 1024px) 100vw, 1024px\" \/><\/figure><\/li><li class=\"blocks-gallery-item\"><figure><img loading=\"lazy\" decoding=\"async\" width=\"1024\" height=\"768\" src=\"https:\/\/www.radioamigavallenar.cl\/wp-content\/uploads\/2019\/08\/EC_PkkFWkAAWBGW-1024x768.jpg\" alt=\"\" data-id=\"16054\" data-link=\"https:\/\/www.radioamigavallenar.cl\/?attachment_id=16054\" class=\"wp-image-16054\" srcset=\"https:\/\/www.radioamigavallenar.cl\/wp-content\/uploads\/2019\/08\/EC_PkkFWkAAWBGW-1024x768.jpg 1024w, https:\/\/www.radioamigavallenar.cl\/wp-content\/uploads\/2019\/08\/EC_PkkFWkAAWBGW-300x225.jpg 300w, https:\/\/www.radioamigavallenar.cl\/wp-content\/uploads\/2019\/08\/EC_PkkFWkAAWBGW-768x576.jpg 768w, https:\/\/www.radioamigavallenar.cl\/wp-content\/uploads\/2019\/08\/EC_PkkFWkAAWBGW.jpg 1440w\" sizes=\"auto, (max-width: 1024px) 100vw, 1024px\" \/><\/figure><\/li><li class=\"blocks-gallery-item\"><figure><img loading=\"lazy\" decoding=\"async\" width=\"1024\" height=\"798\" src=\"https:\/\/www.radioamigavallenar.cl\/wp-content\/uploads\/2019\/08\/WhatsApp-Image-2019-08-29-at-17.06.32-1024x798.jpeg\" alt=\"\" data-id=\"16055\" data-link=\"https:\/\/www.radioamigavallenar.cl\/?attachment_id=16055\" class=\"wp-image-16055\" srcset=\"https:\/\/www.radioamigavallenar.cl\/wp-content\/uploads\/2019\/08\/WhatsApp-Image-2019-08-29-at-17.06.32-1024x798.jpeg 1024w, https:\/\/www.radioamigavallenar.cl\/wp-content\/uploads\/2019\/08\/WhatsApp-Image-2019-08-29-at-17.06.32-300x234.jpeg 300w, https:\/\/www.radioamigavallenar.cl\/wp-content\/uploads\/2019\/08\/WhatsApp-Image-2019-08-29-at-17.06.32-768x598.jpeg 768w, https:\/\/www.radioamigavallenar.cl\/wp-content\/uploads\/2019\/08\/WhatsApp-Image-2019-08-29-at-17.06.32.jpeg 1280w\" sizes=\"auto, (max-width: 1024px) 100vw, 1024px\" \/><\/figure><\/li><\/ul>\n\n\n\n<p><strong><em>El objetivo de este programa, ejecutado por el Servicio Nacional del Adulto Mayor (SENAMA), es desarrollar acciones de apoyo para la autogesti\u00f3n, fortalecimiento de autonom\u00eda e independencia.<\/em><\/strong><\/p>\n\n\n\n<p>Contribuir a mejorar la calidad de vida de los adultos mayores, es uno de los prop\u00f3sitos que trae consigo el \u201cFondo Nacional del Adulto Mayor 2019\u201d, el cual este a\u00f1o en Atacama, adjudic\u00f3 113 proyectos a organizaciones de personas mayores con personalidad jur\u00eddica (autogestionados); fundaciones, organismos no gubernamentales, entre otros (ejecutores intermedios); municipios y corporaciones bajo el cuidado de los potenciales beneficiarios del proyecto a postular (convenios institucionales).<\/p>\n\n\n\n<p>Fueron alrededor de $143millones\nlos entregados entre las 9 comunas que componen la regi\u00f3n, donde la Provincia\nde Copiap\u00f3 cont\u00f3 con 62 organizaciones; la Provincia de Huasco con 40; la\nProvincia de Cha\u00f1aral con 11 adjudicaciones. <\/p>\n\n\n\n<p>En este contexto, el presidente\ndel Comit\u00e9 Regional del Adulto Mayor (CRAM) y seremi de Desarrollo Social y\nFamilia, Ra\u00fal Mart\u00ednez Mu\u00f1oz, se\u00f1al\u00f3 que \u201ceste tipo de Fondos son esenciales\npara nuestros adultos mayores de Atacama, quienes, muchas veces, no tienen la\noportunidad de viajar, desarrollarse personalmente o aprender. De este modo, y\nmediante el Gobierno del Presidente Sebasti\u00e1n Pi\u00f1era, le entregamos\nherramientas para seguir entusiastas y activos para satisfacer necesidades\nb\u00e1sicas en su diario vivir\u201d.<\/p>\n\n\n\n<p>Por su parte, la coordinadora\nregional de SENAMA, Ada Bassi, comunic\u00f3 que \u201cestas instancias son, sin duda, un\nsin\u00f3nimo de alegr\u00eda para las organizaciones de mayores que van a poder\nconcretar sus sue\u00f1os, plasmados en los proyectos que ellos mismos elaboraron y\nque hoy reciben financiamiento. Este tipo de Programas nos demuestra la gran\nparticipaci\u00f3n que tienen las personas mayores en la actualidad, y sus deseos de\nseguir activos e insertos en nuestra sociedad\u201d.<\/p>\n\n\n\n<p>Los proyectos que postulan a este\nfondo buscan lograr el objetivo de favorecer la integraci\u00f3n social del adulto\nmayor, a trav\u00e9s de acciones de apoyo que desarrollen su capacidad de\nautogesti\u00f3n, mejoren su calidad de vida, favorezcan su autonom\u00eda e\nindependencia y contribuyan a satisfacer sus necesidades b\u00e1sicas. <\/p>\n\n\n\n<p>De esta manera, Graciela Grez,\npresidenta del club de adulto mayor Yolanda Cruz Malbran, agradeci\u00f3 y mencion\u00f3\nque har\u00e1n con la adjudicaci\u00f3n. \u201cEste fondo lo utilizaremos para viajar a La\nSerena y sus alrededores, ya que queremos conocer el valle, la costa y diversas\notras atracciones tur\u00edsticas junto a mis otros 37 miembros\u201d.<\/p>\n\n\n\n<p>Cabe destacar que, estos fondos\npueden ser utilizados en acciones de voluntariado, servicios a la comunidad, habilitaci\u00f3n\no equipamiento de sede, actividades productivas, vida saludable, desarrollo\npersonal, capacitaci\u00f3n, educaci\u00f3n, alfabetizaci\u00f3n digital, recreaci\u00f3n y uso de\ntiempo libre. <\/p>\n","protected":false},"excerpt":{"rendered":"<p>El objetivo de este programa, ejecutado por el Servicio Nacional del Adulto Mayor (SENAMA), es desarrollar acciones de apoyo para la autogesti\u00f3n, fortalecimiento de autonom\u00eda&hellip; <\/p>\n","protected":false},"author":2,"featured_media":16055,"comment_status":"open","ping_status":"closed","sticky":false,"template":"","format":"standard","meta":{"footnotes":""},"categories":[7,1],"tags":[],"class_list":["post-16051","post","type-post","status-publish","format-standard","has-post-thumbnail","hentry","category-atacama","category-provincia-del-huasco-2"],"_links":{"self":[{"href":"https:\/\/www.radioamigavallenar.cl\/index.php?rest_route=\/wp\/v2\/posts\/16051","targetHints":{"allow":["GET"]}}],"collection":[{"href":"https:\/\/www.radioamigavallenar.cl\/index.php?rest_route=\/wp\/v2\/posts"}],"about":[{"href":"https:\/\/www.radioamigavallenar.cl\/index.php?rest_route=\/wp\/v2\/types\/post"}],"author":[{"embeddable":true,"href":"https:\/\/www.radioamigavallenar.cl\/index.php?rest_route=\/wp\/v2\/users\/2"}],"replies":[{"embeddable":true,"href":"https:\/\/www.radioamigavallenar.cl\/index.php?rest_route=%2Fwp%2Fv2%2Fcomments&post=16051"}],"version-history":[{"count":0,"href":"https:\/\/www.radioamigavallenar.cl\/index.php?rest_route=\/wp\/v2\/posts\/16051\/revisions"}],"wp:featuredmedia":[{"embeddable":true,"href":"https:\/\/www.radioamigavallenar.cl\/index.php?rest_route=\/wp\/v2\/media\/16055"}],"wp:attachment":[{"href":"https:\/\/www.radioamigavallenar.cl\/index.php?rest_route=%2Fwp%2Fv2%2Fmedia&parent=16051"}],"wp:term":[{"taxonomy":"category","embeddable":true,"href":"https:\/\/www.radioamigavallenar.cl\/index.php?rest_route=%2Fwp%2Fv2%2Fcategories&post=16051"},{"taxonomy":"post_tag","embeddable":true,"href":"https:\/\/www.radioamigavallenar.cl\/index.php?rest_route=%2Fwp%2Fv2%2Ftags&post=16051"}],"curies":[{"name":"wp","href":"https:\/\/api.w.org\/{rel}","templated":true}]}}