{"id":16047,"date":"2019-08-29T09:56:09","date_gmt":"2019-08-29T13:56:09","guid":{"rendered":"https:\/\/www.radioamigavallenar.cl\/?p=16047"},"modified":"2019-08-29T09:56:10","modified_gmt":"2019-08-29T13:56:10","slug":"buscan-promover-ddhh-de-ninos-que-viven-en-prision-con-sus-madres","status":"publish","type":"post","link":"https:\/\/www.radioamigavallenar.cl\/?p=16047","title":{"rendered":"Buscan promover DDHH de ni\u00f1os que viven en prisi\u00f3n con sus madres"},"content":{"rendered":"\n<div class=\"wp-block-image\"><figure class=\"aligncenter is-resized\"><img loading=\"lazy\" decoding=\"async\" src=\"https:\/\/www.radioamigavallenar.cl\/wp-content\/uploads\/2019\/08\/ECrtAuuXkAAC3v_-1024x684.jpg\" alt=\"\" class=\"wp-image-16048\" width=\"552\" height=\"368\" srcset=\"https:\/\/www.radioamigavallenar.cl\/wp-content\/uploads\/2019\/08\/ECrtAuuXkAAC3v_-1024x684.jpg 1024w, https:\/\/www.radioamigavallenar.cl\/wp-content\/uploads\/2019\/08\/ECrtAuuXkAAC3v_-300x201.jpg 300w, https:\/\/www.radioamigavallenar.cl\/wp-content\/uploads\/2019\/08\/ECrtAuuXkAAC3v_-768x513.jpg 768w, https:\/\/www.radioamigavallenar.cl\/wp-content\/uploads\/2019\/08\/ECrtAuuXkAAC3v_.jpg 1200w\" sizes=\"auto, (max-width: 552px) 100vw, 552px\" \/><\/figure><\/div>\n\n\n\n<p>Durante la visita que, este martes, realiz\u00f3 la subsecretaria del Ministerio de Justicia y Derechos Humanos, Lorena Recabarren Silva, a la regi\u00f3n de Atacama, inform\u00f3 sobre los avances en cuanto a la mesa de trabajo interinstitucional que busca potenciar las garant\u00edas integras de los ni\u00f1os que viven con sus madres privadas de libertad durante sus primeros a\u00f1os.<\/p>\n\n\n\n<p>Dijo que aproximadamente para el mes de octubre debe concluir la jornada de encuentros que se realiza cada dos semanas, para tener un informe final que permita hacer las modificaciones necesarias en cuando a la prestaci\u00f3n de este servicio.<\/p>\n\n\n\n<p>La subsecretaria asegur\u00f3 que la mesa integra a todas las organizaciones, tanto p\u00fablicas como privadas, que de alguna manera tengan relaci\u00f3n con este proceso que -hoy en d\u00eda- atiende a unas 120 madres privadas de libertad con sus hijos, de las tres mil 508 que est\u00e1n recluidas en todo el pa\u00eds.<\/p>\n\n\n\n<p>En las mesas se abordan diferentes temas; uno de ellos -por ejemplo- es la diferencia que hay entre un establecimiento penitenciario y otro, as\u00ed como las condiciones de infraestructura para poder cumplir con este programa.\u201cLas c\u00e1rceles concesionadas se han construido proyect\u00e1ndose a secciones materno infantil, as\u00ed que tienen m\u00e1s espacios; en cambio las antiguas se han tenido que readecuar o habilitar espacios que a veces no son los m\u00e1s adecuados\u201d, mencion\u00f3 Recabarren Silva.<\/p>\n\n\n\n<p>De igual manera se analiza el impacto que tiene para el ni\u00f1o el hecho de que permanezca privado de libertad durante los primeros dos a\u00f1os de vida y los panoramas que podr\u00edan presentarse si madre est\u00e1 pr\u00f3xima a salir de prisi\u00f3n o si, en cambio, tiene largas condenas.As\u00ed como \u00e9stas, hay una serie de interrogantes que son discutidas en las reuniones para dar una mejor respuesta a la pol\u00edtica p\u00fablica con enfoque de derecho.<\/p>\n\n\n\n<p>En los encuentros participa el Poder Judicial, el Ministerio, La Defensor\u00eda Penal P\u00fablica, el Instituto Nacional de Derechos Humanos, la Defensor\u00eda Nacional de la Ni\u00f1ez, Gendarmer\u00eda de Chile, la Junji, al Fundaci\u00f3n Integra, representantes de las universidades y de la sociedad civil, entre otros.\u201cBuscamos es ver la experiencia comparada y en funci\u00f3n de ella, por ejemplo, podr\u00edamos distinguir entre tipos de delitos, a\u00f1os de condenas, medidas cautelares, extensi\u00f3n de la permanencia del ni\u00f1o; entre otras. O sea, todas las opciones son analizadas\u201d, coment\u00f3 la subsecretaria.De igual forma acot\u00f3 que en vista de que la ocupaci\u00f3n de las secciones materno infantiles permanecer\u00e1 en el tiempo, hay que estandarizar los niveles de infraestructuras, procedimientos y protocolos de atenci\u00f3n a los ni\u00f1os, la salud, entre otros.<\/p>\n\n\n\n<p>El prop\u00f3sito, adem\u00e1s, es promover y proteger de mejor manera los derechos de los ni\u00f1os, puesto que \u201cno queremos que los primeros a\u00f1os de un ni\u00f1o viviendo en la c\u00e1rcel generen da\u00f1os en \u00e9l (\u2026) ellos no son los que est\u00e1n privados de libertad\u201d.<\/p>\n\n\n\n<p><strong>VISITA<\/strong> <strong>EN LA DE ATACAMA<\/strong><\/p>\n\n\n\n<p>La subsecretaria estuvo en la regi\u00f3n Atacama para entregar recursos a 81 organizaciones sociales que postularon a los fondos para la implementaci\u00f3n y equipamiento que les permita impulsar la cultura, el deporte, las artes, entre otras actividades.<\/p>\n","protected":false},"excerpt":{"rendered":"<p>Durante la visita que, este martes, realiz\u00f3 la subsecretaria del Ministerio de Justicia y Derechos Humanos, Lorena Recabarren Silva, a la regi\u00f3n de Atacama, inform\u00f3&hellip; <\/p>\n","protected":false},"author":2,"featured_media":16048,"comment_status":"open","ping_status":"closed","sticky":false,"template":"","format":"standard","meta":{"footnotes":""},"categories":[7],"tags":[],"class_list":["post-16047","post","type-post","status-publish","format-standard","has-post-thumbnail","hentry","category-atacama"],"_links":{"self":[{"href":"https:\/\/www.radioamigavallenar.cl\/index.php?rest_route=\/wp\/v2\/posts\/16047","targetHints":{"allow":["GET"]}}],"collection":[{"href":"https:\/\/www.radioamigavallenar.cl\/index.php?rest_route=\/wp\/v2\/posts"}],"about":[{"href":"https:\/\/www.radioamigavallenar.cl\/index.php?rest_route=\/wp\/v2\/types\/post"}],"author":[{"embeddable":true,"href":"https:\/\/www.radioamigavallenar.cl\/index.php?rest_route=\/wp\/v2\/users\/2"}],"replies":[{"embeddable":true,"href":"https:\/\/www.radioamigavallenar.cl\/index.php?rest_route=%2Fwp%2Fv2%2Fcomments&post=16047"}],"version-history":[{"count":0,"href":"https:\/\/www.radioamigavallenar.cl\/index.php?rest_route=\/wp\/v2\/posts\/16047\/revisions"}],"wp:featuredmedia":[{"embeddable":true,"href":"https:\/\/www.radioamigavallenar.cl\/index.php?rest_route=\/wp\/v2\/media\/16048"}],"wp:attachment":[{"href":"https:\/\/www.radioamigavallenar.cl\/index.php?rest_route=%2Fwp%2Fv2%2Fmedia&parent=16047"}],"wp:term":[{"taxonomy":"category","embeddable":true,"href":"https:\/\/www.radioamigavallenar.cl\/index.php?rest_route=%2Fwp%2Fv2%2Fcategories&post=16047"},{"taxonomy":"post_tag","embeddable":true,"href":"https:\/\/www.radioamigavallenar.cl\/index.php?rest_route=%2Fwp%2Fv2%2Ftags&post=16047"}],"curies":[{"name":"wp","href":"https:\/\/api.w.org\/{rel}","templated":true}]}}