{"id":16043,"date":"2019-08-29T09:41:41","date_gmt":"2019-08-29T13:41:41","guid":{"rendered":"https:\/\/www.radioamigavallenar.cl\/?p=16043"},"modified":"2019-08-29T09:42:10","modified_gmt":"2019-08-29T13:42:10","slug":"autoridades-de-gobierno-invitan-a-participar-de-feria-laboral-2019","status":"publish","type":"post","link":"https:\/\/www.radioamigavallenar.cl\/?p=16043","title":{"rendered":"Autoridades de Gobierno de Atacama invitan a participar de Feria Laboral 2019"},"content":{"rendered":"\n<figure class=\"wp-block-image\"><img loading=\"lazy\" decoding=\"async\" width=\"800\" height=\"532\" src=\"https:\/\/www.radioamigavallenar.cl\/wp-content\/uploads\/2019\/08\/feria-laboral-trabajo-800x532.jpg\" alt=\"\" class=\"wp-image-16044\" srcset=\"https:\/\/www.radioamigavallenar.cl\/wp-content\/uploads\/2019\/08\/feria-laboral-trabajo-800x532.jpg 800w, https:\/\/www.radioamigavallenar.cl\/wp-content\/uploads\/2019\/08\/feria-laboral-trabajo-800x532-300x200.jpg 300w, https:\/\/www.radioamigavallenar.cl\/wp-content\/uploads\/2019\/08\/feria-laboral-trabajo-800x532-768x511.jpg 768w\" sizes=\"auto, (max-width: 800px) 100vw, 800px\" \/><\/figure>\n\n\n\n<p>En las dependencias del Servicio de Capacitaci\u00f3n y Empleo (Sence) se dio a conocer una de las medidas del Gobierno Regional para combatir la tasa de desempleo en la zona; la versi\u00f3n 2019 de la feria laboral que este a\u00f1o se realiza en conjunto con la Universidad de Atacama.<\/p>\n\n\n\n<p>El Intendente, Patricio Urquieta, se\u00f1al\u00f3 que \u00abnosotros como Gobierno, y particularmente por instrucci\u00f3n del Presidente Pi\u00f1era, estamos realizando todos nuestros esfuerzos para acelerar las inversiones, tanto p\u00fablicas como tambi\u00e9n en el sector privado, desde nuestras propias posibilidades y naturalmente que este es un esfuerzo m\u00e1s para que aquellas personas que est\u00e1n buscando empleo lo puedan encontrar, facilitando el encuentro entre empleadores y trabajadores\u00bb<\/p>\n\n\n\n<p>Asimismo, lo explic\u00f3 el seremi del Trabajo y Previsi\u00f3n Social, Carlos Leal Varas, \u201ces una actividad muy importante que se va a realizar el pr\u00f3ximo mi\u00e9rcoles 4 de septiembre desde las 9:00 de la ma\u00f1ana en el frontis de la Intendencia donde hay m\u00e1s de 40 empresas ofertando, por el momento, m\u00e1s 800 puestos de trabajo que son pertinentes a la realidad de nuestra regi\u00f3n, invitamos a todas las personas a poder participar de esta actividad y para aquello es primordial poder acceder a&nbsp;<a href=\"http:\/\/www.feriaempleos.cl\/\">www.feriaempleos.cl<\/a>&nbsp;en la cual se pueden registrar y enviar su curr\u00edculo con la finalidad de realizar los tr\u00e1mites en los stand de la feria laboral de manera mucho m\u00e1s expedita\u201d.<\/p>\n\n\n\n<p>La realizaci\u00f3n de esta feria laboral permitir\u00e1 entregar nuevas oportunidades de trabajo a personas cesantes, desempleados\/as o trabajadores que est\u00e1n en b\u00fasqueda de reinventarse laboralmente. Por lo que se implementar\u00e1 un espacio para el desarrollo de talleres de apresto a todos los usuarios que deseen participar de la instancia.<\/p>\n\n\n\n<p>Desde Sence, el Director Regional, Victor Nieto, explic\u00f3 que \u201cesta feria laboral se realiza con el fin de entregar oportunidades de empleos a las personas de la regi\u00f3n de atacama no solo de Copiap\u00f3, es important\u00edsimo que se inscriban en la p\u00e1gina web&nbsp;<a href=\"http:\/\/www.feriaempleos.cl\/\">www.feriaempleos.cl<\/a>&nbsp;y luego se acerquen a la feria laboral del d\u00eda 4 de septiembre para poder barajar de mejor manera el puesto laboral que m\u00e1s le acomoda de acuerdo a sus capacidades y expectativas\u201d<\/p>\n\n\n\n<p>Cabe destacar que esta feria es totalmente gratuita y que los perfiles m\u00e1s solicitados por las empresas son las siguientes:<\/p>\n\n\n\n<ul class=\"wp-block-list\"><li>Maestro primera obras civiles<\/li><li>Maestro segunda obras civiles<\/li><li>Conductor profesional<\/li><li>Ayudante de soldador<\/li><li>Soldador hdpe<\/li><li>Auxiliar de aseo<\/li><li>Auxiliar de casino<\/li><li>Guardia de seguridad<\/li><li>Soldadores calificados<\/li><li>Operador mayor transporte y servicios<\/li><\/ul>\n","protected":false},"excerpt":{"rendered":"<p>En las dependencias del Servicio de Capacitaci\u00f3n y Empleo (Sence) se dio a conocer una de las medidas del Gobierno Regional para combatir la tasa&hellip; <\/p>\n","protected":false},"author":2,"featured_media":16044,"comment_status":"open","ping_status":"closed","sticky":false,"template":"","format":"standard","meta":{"footnotes":""},"categories":[7],"tags":[],"class_list":["post-16043","post","type-post","status-publish","format-standard","has-post-thumbnail","hentry","category-atacama"],"_links":{"self":[{"href":"https:\/\/www.radioamigavallenar.cl\/index.php?rest_route=\/wp\/v2\/posts\/16043","targetHints":{"allow":["GET"]}}],"collection":[{"href":"https:\/\/www.radioamigavallenar.cl\/index.php?rest_route=\/wp\/v2\/posts"}],"about":[{"href":"https:\/\/www.radioamigavallenar.cl\/index.php?rest_route=\/wp\/v2\/types\/post"}],"author":[{"embeddable":true,"href":"https:\/\/www.radioamigavallenar.cl\/index.php?rest_route=\/wp\/v2\/users\/2"}],"replies":[{"embeddable":true,"href":"https:\/\/www.radioamigavallenar.cl\/index.php?rest_route=%2Fwp%2Fv2%2Fcomments&post=16043"}],"version-history":[{"count":0,"href":"https:\/\/www.radioamigavallenar.cl\/index.php?rest_route=\/wp\/v2\/posts\/16043\/revisions"}],"wp:featuredmedia":[{"embeddable":true,"href":"https:\/\/www.radioamigavallenar.cl\/index.php?rest_route=\/wp\/v2\/media\/16044"}],"wp:attachment":[{"href":"https:\/\/www.radioamigavallenar.cl\/index.php?rest_route=%2Fwp%2Fv2%2Fmedia&parent=16043"}],"wp:term":[{"taxonomy":"category","embeddable":true,"href":"https:\/\/www.radioamigavallenar.cl\/index.php?rest_route=%2Fwp%2Fv2%2Fcategories&post=16043"},{"taxonomy":"post_tag","embeddable":true,"href":"https:\/\/www.radioamigavallenar.cl\/index.php?rest_route=%2Fwp%2Fv2%2Ftags&post=16043"}],"curies":[{"name":"wp","href":"https:\/\/api.w.org\/{rel}","templated":true}]}}