{"id":16040,"date":"2019-08-29T09:33:29","date_gmt":"2019-08-29T13:33:29","guid":{"rendered":"https:\/\/www.radioamigavallenar.cl\/?p=16040"},"modified":"2019-08-29T09:33:30","modified_gmt":"2019-08-29T13:33:30","slug":"mesa-regional-de-patrimonio-municipal-arma-sesiono-en-alto-del-carmen","status":"publish","type":"post","link":"https:\/\/www.radioamigavallenar.cl\/?p=16040","title":{"rendered":"Mesa regional de patrimonio municipal ARMA sesion\u00f3 en Alto del Carmen"},"content":{"rendered":"\n<figure class=\"wp-block-image\"><img loading=\"lazy\" decoding=\"async\" width=\"682\" height=\"389\" src=\"https:\/\/www.radioamigavallenar.cl\/wp-content\/uploads\/2019\/08\/20.15.22.png\" alt=\"\" class=\"wp-image-16041\" srcset=\"https:\/\/www.radioamigavallenar.cl\/wp-content\/uploads\/2019\/08\/20.15.22.png 682w, https:\/\/www.radioamigavallenar.cl\/wp-content\/uploads\/2019\/08\/20.15.22-300x171.png 300w\" sizes=\"auto, (max-width: 682px) 100vw, 682px\" \/><\/figure>\n\n\n\n<p><strong><em>\u201cGe\u00f3logos de la UDA, presentaron proyecto de promoci\u00f3n patrimonial geol\u00f3gica\u201d<\/em><\/strong><\/p>\n\n\n\n<p>En dependencias del Centro Cultural de la Municipalidad de Alto del Carmen, se desarroll\u00f3 la quinta sesi\u00f3n de esta Mesa Regional de Patrimonio Municipal, donde se present\u00f3 por parte de Tatiana Izquierdo y Manuel Abad, doctores en Geolog\u00eda, el proyecto de promoci\u00f3n Patrimonial adjudicado por la Universidad de Atacama y patrocinado por ARMA. Los participantes tambi\u00e9n conocieron del sistema de registro del Patrimonio Material e Inmaterial, presentado por la Encargada de Patrimonio y Archivos del Departamento de Cultura de la Municipalidad de Copiap\u00f3 Mabel Tapia.<\/p>\n\n\n\n<p>Continuando con la actividad los participantes hicieron un recorrido por la comuna, en primer lugar visitaron la Parroquia Nuestra Se\u00f1ora del Carmen, donde fueron recibidos por el cura P\u00e1rroco Padre Nelson Barrientos, quien les relat\u00f3 en detalles la historia de la parroquia y los relatos referido a los diversos eventos que han transcurrido desde su construcci\u00f3n y las vivencias del pueblo desde su creaci\u00f3n.<\/p>\n\n\n\n<p>Para la finalizaci\u00f3n de la jornada, los participantes se dirigieron a la localidad de La Vega donde fueron recibidos por la Alcaldesa Carmen Bou, donde conocieron la experiencia de una familia emprendedora dedicada al turismo, donde destacan la crianza de cabras y la fabricaci\u00f3n de productos derivados de este mam\u00edfero, adem\u00e1s de la producci\u00f3n de mermeladas y otros productos artesanales.<\/p>\n\n\n\n<p>Al finalizar se elabor\u00f3 el Acta por parte del Municipio de Alto del Carmen y se program\u00f3 la pr\u00f3xima sesi\u00f3n de esta Mesa, para el mes de Noviembre en la comuna de Cha\u00f1aral.<\/p>\n","protected":false},"excerpt":{"rendered":"<p>\u201cGe\u00f3logos de la UDA, presentaron proyecto de promoci\u00f3n patrimonial geol\u00f3gica\u201d En dependencias del Centro Cultural de la Municipalidad de Alto del Carmen, se desarroll\u00f3 la&hellip; <\/p>\n","protected":false},"author":2,"featured_media":16041,"comment_status":"open","ping_status":"closed","sticky":false,"template":"","format":"standard","meta":{"footnotes":""},"categories":[5],"tags":[],"class_list":["post-16040","post","type-post","status-publish","format-standard","has-post-thumbnail","hentry","category-alto-del-carmen"],"_links":{"self":[{"href":"https:\/\/www.radioamigavallenar.cl\/index.php?rest_route=\/wp\/v2\/posts\/16040","targetHints":{"allow":["GET"]}}],"collection":[{"href":"https:\/\/www.radioamigavallenar.cl\/index.php?rest_route=\/wp\/v2\/posts"}],"about":[{"href":"https:\/\/www.radioamigavallenar.cl\/index.php?rest_route=\/wp\/v2\/types\/post"}],"author":[{"embeddable":true,"href":"https:\/\/www.radioamigavallenar.cl\/index.php?rest_route=\/wp\/v2\/users\/2"}],"replies":[{"embeddable":true,"href":"https:\/\/www.radioamigavallenar.cl\/index.php?rest_route=%2Fwp%2Fv2%2Fcomments&post=16040"}],"version-history":[{"count":0,"href":"https:\/\/www.radioamigavallenar.cl\/index.php?rest_route=\/wp\/v2\/posts\/16040\/revisions"}],"wp:featuredmedia":[{"embeddable":true,"href":"https:\/\/www.radioamigavallenar.cl\/index.php?rest_route=\/wp\/v2\/media\/16041"}],"wp:attachment":[{"href":"https:\/\/www.radioamigavallenar.cl\/index.php?rest_route=%2Fwp%2Fv2%2Fmedia&parent=16040"}],"wp:term":[{"taxonomy":"category","embeddable":true,"href":"https:\/\/www.radioamigavallenar.cl\/index.php?rest_route=%2Fwp%2Fv2%2Fcategories&post=16040"},{"taxonomy":"post_tag","embeddable":true,"href":"https:\/\/www.radioamigavallenar.cl\/index.php?rest_route=%2Fwp%2Fv2%2Ftags&post=16040"}],"curies":[{"name":"wp","href":"https:\/\/api.w.org\/{rel}","templated":true}]}}