{"id":16037,"date":"2019-08-29T09:28:59","date_gmt":"2019-08-29T13:28:59","guid":{"rendered":"https:\/\/www.radioamigavallenar.cl\/?p=16037"},"modified":"2019-08-29T09:29:00","modified_gmt":"2019-08-29T13:29:00","slug":"familias-de-alto-del-carmen-se-capacitaron-en-eficiencia-energetica","status":"publish","type":"post","link":"https:\/\/www.radioamigavallenar.cl\/?p=16037","title":{"rendered":"Familias de Alto del Carmen se capacitaron en eficiencia energ\u00e9tica"},"content":{"rendered":"\n<figure class=\"wp-block-image\"><img loading=\"lazy\" decoding=\"async\" width=\"682\" height=\"392\" src=\"https:\/\/www.radioamigavallenar.cl\/wp-content\/uploads\/2019\/08\/20.06.02.png\" alt=\"\" class=\"wp-image-16038\" srcset=\"https:\/\/www.radioamigavallenar.cl\/wp-content\/uploads\/2019\/08\/20.06.02.png 682w, https:\/\/www.radioamigavallenar.cl\/wp-content\/uploads\/2019\/08\/20.06.02-300x172.png 300w\" sizes=\"auto, (max-width: 682px) 100vw, 682px\" \/><\/figure>\n\n\n\n<p><strong><em>Los beneficiados recibieron un kit consistente en tres ampolletas LED, un alargador, un magneto informativo y una bolsa reutilizable.<\/em><\/strong><\/p>\n\n\n\n<p>Hasta la comuna de Alto del Carmen lleg\u00f3 la seremi Kim-Fa Bondi Hafon, quien junto al administrador municipal, Jorge Villar Ibacache, lideraron una nueva jornada de capacitaci\u00f3n del Programa \u201cCon Buena Energ\u00eda\u201d.<\/p>\n\n\n\n<p>Durante el presente a\u00f1o, en el \u00e1rea residencial, se espera capacitar a m\u00e1s de mil familias de Atacama a trav\u00e9s de esta iniciativa del Ministerio de Energ\u00eda, con el fin de transferir conocimientos en eficiencia energ\u00e9tica y entregar un kit eficiente, con el fin de que la ciudadan\u00eda experimente ahorros sustanciales en sus boletas de la luz y puedan generar un cambio cultural que permita contar con un Chile m\u00e1s limpio y sustentable.<\/p>\n\n\n\n<p>\u201cCumpliendo con lo mandatado por nuestro Presidente Sebasti\u00e1n Pi\u00f1era y por nuestro ministro Juan Carlos Jobet, trajimos a la comuna de Alto del Carmen nuestro Programa Con Buena Energ\u00eda. Estamos contentos con la convocatoria, los asistentes estaban muy felices porque se dieron cuenta que con el uso y correcta aplicaci\u00f3n de la energ\u00eda pod\u00edan contribuir a tener un mejor planeta, reduciendo los gases de efecto invernadero y, tambi\u00e9n, disminuir las cuentas de la luz, aplicando en sus casas peque\u00f1os consejos que les permiten evitar el uso incorrecto de la energ\u00eda, como por ejemplo, el consumo vampiro\u201d, sostuvo en la ocasi\u00f3n la seremi Kim-Fa Bondi.<\/p>\n\n\n\n<p>En este sentido, la autoridad explic\u00f3 que: \u201cEste d\u00eda les hemos entregado un kit que contiene 3 ampolletas LED, un alargador y una bolsa ecol\u00f3gica reutilizable. Estas ampolletas, les hemos aconsejado, las instalen en los lugares que m\u00e1s tiempo permanecen encendidas las luces en sus casas. Esto tiene como por finalidad aportar al recambio tecnol\u00f3gico y, por esa v\u00eda, ayudar a la eficiencia energ\u00e9tica, algo importante sobre todo este a\u00f1o en donde el Ministerio de Energ\u00eda y el Gobierno de Chile liderar\u00e1n la Cumbre Clim\u00e1tica, COP25, que se realizar\u00e1 a fin de a\u00f1o en nuestro pa\u00eds\u201d.<\/p>\n\n\n\n<p>Cabe se\u00f1alar que, para acceder al beneficio, los dirigentes sociales deben reunir una cantidad de socios, los que tienen que pertenecer al 70% de la poblaci\u00f3n m\u00e1s vulnerable, tener Registro Social de Hogares, y no haber accedido antes a este beneficio. Por \u00faltimo, se deben comunicar directamente con las municipalidades locales o con las gobernaciones provinciales.<\/p>\n","protected":false},"excerpt":{"rendered":"<p>Los beneficiados recibieron un kit consistente en tres ampolletas LED, un alargador, un magneto informativo y una bolsa reutilizable. Hasta la comuna de Alto del&hellip; <\/p>\n","protected":false},"author":2,"featured_media":16038,"comment_status":"open","ping_status":"closed","sticky":false,"template":"","format":"standard","meta":{"footnotes":""},"categories":[5],"tags":[],"class_list":["post-16037","post","type-post","status-publish","format-standard","has-post-thumbnail","hentry","category-alto-del-carmen"],"_links":{"self":[{"href":"https:\/\/www.radioamigavallenar.cl\/index.php?rest_route=\/wp\/v2\/posts\/16037","targetHints":{"allow":["GET"]}}],"collection":[{"href":"https:\/\/www.radioamigavallenar.cl\/index.php?rest_route=\/wp\/v2\/posts"}],"about":[{"href":"https:\/\/www.radioamigavallenar.cl\/index.php?rest_route=\/wp\/v2\/types\/post"}],"author":[{"embeddable":true,"href":"https:\/\/www.radioamigavallenar.cl\/index.php?rest_route=\/wp\/v2\/users\/2"}],"replies":[{"embeddable":true,"href":"https:\/\/www.radioamigavallenar.cl\/index.php?rest_route=%2Fwp%2Fv2%2Fcomments&post=16037"}],"version-history":[{"count":0,"href":"https:\/\/www.radioamigavallenar.cl\/index.php?rest_route=\/wp\/v2\/posts\/16037\/revisions"}],"wp:featuredmedia":[{"embeddable":true,"href":"https:\/\/www.radioamigavallenar.cl\/index.php?rest_route=\/wp\/v2\/media\/16038"}],"wp:attachment":[{"href":"https:\/\/www.radioamigavallenar.cl\/index.php?rest_route=%2Fwp%2Fv2%2Fmedia&parent=16037"}],"wp:term":[{"taxonomy":"category","embeddable":true,"href":"https:\/\/www.radioamigavallenar.cl\/index.php?rest_route=%2Fwp%2Fv2%2Fcategories&post=16037"},{"taxonomy":"post_tag","embeddable":true,"href":"https:\/\/www.radioamigavallenar.cl\/index.php?rest_route=%2Fwp%2Fv2%2Ftags&post=16037"}],"curies":[{"name":"wp","href":"https:\/\/api.w.org\/{rel}","templated":true}]}}