{"id":16032,"date":"2019-08-29T09:21:55","date_gmt":"2019-08-29T13:21:55","guid":{"rendered":"https:\/\/www.radioamigavallenar.cl\/?p=16032"},"modified":"2019-08-29T09:25:54","modified_gmt":"2019-08-29T13:25:54","slug":"tres-viviendas-resultan-afectadas-en-su-totalidad-tras-voraz-incendio-en-vallenar","status":"publish","type":"post","link":"https:\/\/www.radioamigavallenar.cl\/?p=16032","title":{"rendered":"Tres viviendas resultan afectadas en su totalidad tras voraz incendio en Vallenar"},"content":{"rendered":"\n<div class=\"wp-block-image\"><figure class=\"aligncenter is-resized\"><img loading=\"lazy\" decoding=\"async\" src=\"https:\/\/www.radioamigavallenar.cl\/wp-content\/uploads\/2019\/08\/PHOTO-2019-08-28-19-38-40-1024x768.jpg\" alt=\"\" class=\"wp-image-16034\" width=\"540\" height=\"405\" srcset=\"https:\/\/www.radioamigavallenar.cl\/wp-content\/uploads\/2019\/08\/PHOTO-2019-08-28-19-38-40-1024x768.jpg 1024w, https:\/\/www.radioamigavallenar.cl\/wp-content\/uploads\/2019\/08\/PHOTO-2019-08-28-19-38-40-300x225.jpg 300w, https:\/\/www.radioamigavallenar.cl\/wp-content\/uploads\/2019\/08\/PHOTO-2019-08-28-19-38-40-768x576.jpg 768w, https:\/\/www.radioamigavallenar.cl\/wp-content\/uploads\/2019\/08\/PHOTO-2019-08-28-19-38-40.jpg 1280w\" sizes=\"auto, (max-width: 540px) 100vw, 540px\" \/><\/figure><\/div>\n\n\n\n<p>Siniestro se registr\u00f3 en horas de la tarde de ayer mi\u00e9rcoles en calle Ram\u00edrez de la capital del Huasco.<\/p>\n\n\n\n<p>Un llamado a la central del cuerpo de bomberos de Vallenar alert\u00f3 a sus voluntarios que de inmediato se dirigieron a calle Ram\u00edrez , pleno centro de la comuna\u00a0 capital de la provincia del Huasco. All\u00ed se registraba el incendio que afect\u00f3 en su totalidad a tres viviendas que se ubican en el sector.<\/p>\n\n\n\n<p>Debieron trabajar arduamente cinco unidades del cuerpo de bomberos m\u00e1s la camioneta de la comandancia, para evitar que las llamas se propagaran a viviendas colindantes.<br>Tambi\u00e9n lleg\u00f3 al sitio del suceso el encargado provincial de emergencias de la provincia de Huasco y carabineros de Vallenar.<\/p>\n\n\n\n<p><strong>Alcalde Cristian Tapia Ramos&nbsp;<\/strong><\/p>\n\n\n\n<p>El alcalde de la comuna Cristian Tapia Ramos indic\u00f3 que hab\u00eda preocupaci\u00f3n porque se trat\u00f3 de una vivienda donde se arrendaban a habitaciones y una familia en particular est\u00e1 siendo apoyada por el equipo social y de infraestructura. Un menor integrante de la familia debo ser trasladado al hospital provincial debido a inhalaci\u00f3n de humo, dijo el alcalde Cristian Tapia Ramos<\/p>\n\n\n\n<figure class=\"wp-block-audio\"><audio controls src=\"https:\/\/www.radioamigavallenar.cl\/wp-content\/uploads\/2019\/08\/Alcalde-.mp3\"><\/audio><\/figure>\n\n\n\n<p>Luego de controlado el siniestro se inici\u00f3 la etapa de remojo para evitar rebrotes. Carabineros deber\u00e1 junto a personal especializado del cuerpo de bomberos de Vallenar iniciar las indagatorias que lleven a esclarecer causa basal del incendio que por momentos amenazo con propagarse a viviendas vecinas.<\/p>\n","protected":false},"excerpt":{"rendered":"<p>Siniestro se registr\u00f3 en horas de la tarde de ayer mi\u00e9rcoles en calle Ram\u00edrez de la capital del Huasco. Un llamado a la central del&hellip; <\/p>\n","protected":false},"author":2,"featured_media":16034,"comment_status":"open","ping_status":"closed","sticky":false,"template":"","format":"standard","meta":{"footnotes":""},"categories":[7,2],"tags":[],"class_list":["post-16032","post","type-post","status-publish","format-standard","has-post-thumbnail","hentry","category-atacama","category-vallenar"],"_links":{"self":[{"href":"https:\/\/www.radioamigavallenar.cl\/index.php?rest_route=\/wp\/v2\/posts\/16032","targetHints":{"allow":["GET"]}}],"collection":[{"href":"https:\/\/www.radioamigavallenar.cl\/index.php?rest_route=\/wp\/v2\/posts"}],"about":[{"href":"https:\/\/www.radioamigavallenar.cl\/index.php?rest_route=\/wp\/v2\/types\/post"}],"author":[{"embeddable":true,"href":"https:\/\/www.radioamigavallenar.cl\/index.php?rest_route=\/wp\/v2\/users\/2"}],"replies":[{"embeddable":true,"href":"https:\/\/www.radioamigavallenar.cl\/index.php?rest_route=%2Fwp%2Fv2%2Fcomments&post=16032"}],"version-history":[{"count":0,"href":"https:\/\/www.radioamigavallenar.cl\/index.php?rest_route=\/wp\/v2\/posts\/16032\/revisions"}],"wp:featuredmedia":[{"embeddable":true,"href":"https:\/\/www.radioamigavallenar.cl\/index.php?rest_route=\/wp\/v2\/media\/16034"}],"wp:attachment":[{"href":"https:\/\/www.radioamigavallenar.cl\/index.php?rest_route=%2Fwp%2Fv2%2Fmedia&parent=16032"}],"wp:term":[{"taxonomy":"category","embeddable":true,"href":"https:\/\/www.radioamigavallenar.cl\/index.php?rest_route=%2Fwp%2Fv2%2Fcategories&post=16032"},{"taxonomy":"post_tag","embeddable":true,"href":"https:\/\/www.radioamigavallenar.cl\/index.php?rest_route=%2Fwp%2Fv2%2Ftags&post=16032"}],"curies":[{"name":"wp","href":"https:\/\/api.w.org\/{rel}","templated":true}]}}