{"id":15891,"date":"2019-08-24T09:12:33","date_gmt":"2019-08-24T13:12:33","guid":{"rendered":"https:\/\/www.radioamigavallenar.cl\/?p=15891"},"modified":"2019-08-24T09:12:34","modified_gmt":"2019-08-24T13:12:34","slug":"senador-prohens-por-irregularidades-en-el-slep-de-huasco-y-donde-estaban-los-diputados-en-esa-epoca-para-fiscalizar","status":"publish","type":"post","link":"https:\/\/www.radioamigavallenar.cl\/?p=15891","title":{"rendered":"Senador Prohens por irregularidades en el SLEP de Huasco: \u201c\u00bfY d\u00f3nde estaban los diputados en esa \u00e9poca para fiscalizar?\u201d"},"content":{"rendered":"\n<div class=\"wp-block-image\"><figure class=\"aligncenter is-resized\"><img loading=\"lazy\" decoding=\"async\" src=\"https:\/\/www.radioamigavallenar.cl\/wp-content\/uploads\/2019\/08\/file_20180711002830.jpg\" alt=\"\" class=\"wp-image-15892\" width=\"519\" height=\"392\" srcset=\"https:\/\/www.radioamigavallenar.cl\/wp-content\/uploads\/2019\/08\/file_20180711002830.jpg 820w, https:\/\/www.radioamigavallenar.cl\/wp-content\/uploads\/2019\/08\/file_20180711002830-300x227.jpg 300w, https:\/\/www.radioamigavallenar.cl\/wp-content\/uploads\/2019\/08\/file_20180711002830-768x581.jpg 768w\" sizes=\"auto, (max-width: 519px) 100vw, 519px\" \/><figcaption>Rafael Prohens, Senador (Foto: Israel Ch\u00e1vez)<\/figcaption><\/figure><\/div>\n\n\n\n<p>El senador por Atacama Rafael Prohens emplaz\u00f3 a los diputados de la \u00e9poca por no realizar las fiscalizaciones correspondientes y se\u00f1al\u00f3 que \u201cprecisamente la ministra Cubillos cumpli\u00f3 con su deber de velar por la adecuada implementaci\u00f3n de la Educaci\u00f3n P\u00fablica al ordenar la auditor\u00eda para monitorear como recibir\u00eda el Servicio\u201d, lo anterior, respecto a las irregularidades que detect\u00f3 la auditor\u00eda interna del Ministerio de Educaci\u00f3n en el Servicio Local de Educaci\u00f3n del Huasco.\u00a0<\/p>\n\n\n\n<p>Para Prohens parece injusto el emplazamiento por parte de parlamentarios\u00a0 de oposici\u00f3n, puesto que cuando se modific\u00f3 la Ley de Desmunicipalizaci\u00f3n y volvieron los establecimientos educacionales al Estado a trav\u00e9s de los Servicios Locales de Educaci\u00f3n, como le pas\u00f3 a Huasco, la oposici\u00f3n de ese entonces era Chile Vamos y no ten\u00edan ning\u00fan diputado para fiscalizar lo que se estaba gestando en ese traspaso administrativo. <\/p>\n\n\n\n<p>Adem\u00e1s, agreg\u00f3 que \u201cel conglomerado s\u00f3lo ten\u00eda un senador, Baldo Prokurica, que tal como dicta su cargo no tiene funci\u00f3n fiscalizadora\u201d. Por lo tanto, para el parlamentario RN,\u00a0 los diputados de ese entonces tienen la responsabilidad por no haber revisado lo que estaba pasando en el Servicio del Huasco.\u00a0\u00a0<\/p>\n\n\n\n<p>En relaci\u00f3n a la autor\u00eda por parte del Mineduc, Prohens dijo que \u201cen esto hay que ser claros, la ministra Cubillos ha informado la carencia que ha presentado el Servicio de Educaci\u00f3n (\u2026) incluso la ex directora del Servicio le confirm\u00f3 al Diario Cha\u00f1arcillo, el por qu\u00e9 se recurri\u00f3 a ese actuar administrativo\u201d.\u00a0\u00a0<\/p>\n\n\n\n<p>Respecto a las medidas que se pueden adoptar para lograr conocer con claridad las irregularidades, parte por oficiar a Consejo de Defensa del Estado y a la Contralor\u00eda, tal cual lo di\u00f3 a conocer el mi\u00e9rcoles pasado en \u201cHora de Incidentes\u201d en el pleno del Senado de la Rep\u00fablica.\u00a0\u00a0Finalmente, recalc\u00f3 que todas los cargos y las personas que enfrentan hoy las irregularidades administrativa e incluso posiblemente penales fueron puestas por el gobierno anterior.\u00a0<br><\/p>\n","protected":false},"excerpt":{"rendered":"<p>El senador por Atacama Rafael Prohens emplaz\u00f3 a los diputados de la \u00e9poca por no realizar las fiscalizaciones correspondientes y se\u00f1al\u00f3 que \u201cprecisamente la ministra&hellip; <\/p>\n","protected":false},"author":2,"featured_media":15892,"comment_status":"open","ping_status":"closed","sticky":false,"template":"","format":"standard","meta":{"footnotes":""},"categories":[7,1],"tags":[],"class_list":["post-15891","post","type-post","status-publish","format-standard","has-post-thumbnail","hentry","category-atacama","category-provincia-del-huasco-2"],"_links":{"self":[{"href":"https:\/\/www.radioamigavallenar.cl\/index.php?rest_route=\/wp\/v2\/posts\/15891","targetHints":{"allow":["GET"]}}],"collection":[{"href":"https:\/\/www.radioamigavallenar.cl\/index.php?rest_route=\/wp\/v2\/posts"}],"about":[{"href":"https:\/\/www.radioamigavallenar.cl\/index.php?rest_route=\/wp\/v2\/types\/post"}],"author":[{"embeddable":true,"href":"https:\/\/www.radioamigavallenar.cl\/index.php?rest_route=\/wp\/v2\/users\/2"}],"replies":[{"embeddable":true,"href":"https:\/\/www.radioamigavallenar.cl\/index.php?rest_route=%2Fwp%2Fv2%2Fcomments&post=15891"}],"version-history":[{"count":0,"href":"https:\/\/www.radioamigavallenar.cl\/index.php?rest_route=\/wp\/v2\/posts\/15891\/revisions"}],"wp:featuredmedia":[{"embeddable":true,"href":"https:\/\/www.radioamigavallenar.cl\/index.php?rest_route=\/wp\/v2\/media\/15892"}],"wp:attachment":[{"href":"https:\/\/www.radioamigavallenar.cl\/index.php?rest_route=%2Fwp%2Fv2%2Fmedia&parent=15891"}],"wp:term":[{"taxonomy":"category","embeddable":true,"href":"https:\/\/www.radioamigavallenar.cl\/index.php?rest_route=%2Fwp%2Fv2%2Fcategories&post=15891"},{"taxonomy":"post_tag","embeddable":true,"href":"https:\/\/www.radioamigavallenar.cl\/index.php?rest_route=%2Fwp%2Fv2%2Ftags&post=15891"}],"curies":[{"name":"wp","href":"https:\/\/api.w.org\/{rel}","templated":true}]}}