{"id":15888,"date":"2019-08-24T09:08:47","date_gmt":"2019-08-24T13:08:47","guid":{"rendered":"https:\/\/www.radioamigavallenar.cl\/?p=15888"},"modified":"2019-08-24T09:08:48","modified_gmt":"2019-08-24T13:08:48","slug":"directorio-de-enami-aprueba-otorgar-apoyo-directo-a-la-mediana-mineria","status":"publish","type":"post","link":"https:\/\/www.radioamigavallenar.cl\/?p=15888","title":{"rendered":"Directorio de ENAMI aprueba otorgar apoyo directo a la mediana miner\u00eda"},"content":{"rendered":"\n<figure class=\"wp-block-image\"><img loading=\"lazy\" decoding=\"async\" width=\"600\" height=\"400\" src=\"https:\/\/www.radioamigavallenar.cl\/wp-content\/uploads\/2019\/08\/194.jpg\" alt=\"\" class=\"wp-image-15889\" srcset=\"https:\/\/www.radioamigavallenar.cl\/wp-content\/uploads\/2019\/08\/194.jpg 600w, https:\/\/www.radioamigavallenar.cl\/wp-content\/uploads\/2019\/08\/194-300x200.jpg 300w\" sizes=\"auto, (max-width: 600px) 100vw, 600px\" \/><\/figure>\n\n\n\n<p>Con el objetivo de alivianar la carga financiera que las empresas de mediana miner\u00eda enfrentan actualmente con la ca\u00edda del precio del cobre y propiciar mejores condiciones para revitalizar su actividad en el corto y mediano plazo, el Directorio de la Empresa Nacional de Miner\u00eda aprob\u00f3 en su \u00faltima sesi\u00f3n, otorgar una l\u00ednea especial de respaldo por seis meses.<\/p>\n\n\n\n<p>La medida estar\u00e1 abierta para todas aquellas compa\u00f1\u00edas de la mediana miner\u00eda que soliciten el apoyo de manera directa y que, cumpliendo lo dispuesto en el Reglamento de Cr\u00e9dito y Cobranza de ENAMI, sostengan un v\u00ednculo comercial con la estatal. De esta manera, podr\u00e1n acceder a una de las dos modalidades de respaldo definidas:<\/p>\n\n\n\n<p>a. Las empresas mineras con cr\u00e9ditos vigentes podr\u00e1n suspender como m\u00e1ximo seis meses la cuota de capital, para retomar el pago del mismo a partir de marzo de 2020 o cu\u00e1ndo la cotizaci\u00f3n de la libra de cobre supere los 280 centavos de d\u00f3lar, cancelando solo intereses y conservando las condiciones crediticias de la operaci\u00f3n original.<\/p>\n\n\n\n<p>b. Aquellas compa\u00f1\u00edas sin cr\u00e9dito vigente con ENAMI que demanden este apoyo directo, podr\u00e1n optar a un cr\u00e9dito de 10 centavos de d\u00f3lar la libra mientras el precio del cobre permanezca bajo los 270 centavos. Al cabo de seis meses, deber\u00e1n reembolsar este pr\u00e9stamo a raz\u00f3n de 10 centavos, una vez que el precio del metal supere los 280 centavos de d\u00f3lar.<\/p>\n\n\n\n<p>Al respecto, el vicepresidente ejecutivo de ENAMI, Robert Mayne-Nicholls, destac\u00f3 la iniciativa, indicando que \u201cen su reciente sesi\u00f3n, el Directorio autoriz\u00f3 que apoy\u00e1semos con esta medida la dif\u00edcil situaci\u00f3n que atraviesan los medianos productores mineros de nuestro pa\u00eds. Como ENAMI estamos disponibles para analizar caso a caso los requerimientos de dichos productores para seguir impulsando la industria minera de menor escala y, con ello, la empleabilidad y el sustento de cientos de familias a lo largo de Chile\u201d.<\/p>\n","protected":false},"excerpt":{"rendered":"<p>Con el objetivo de alivianar la carga financiera que las empresas de mediana miner\u00eda enfrentan actualmente con la ca\u00edda del precio del cobre y propiciar&hellip; <\/p>\n","protected":false},"author":2,"featured_media":15889,"comment_status":"open","ping_status":"closed","sticky":false,"template":"","format":"standard","meta":{"footnotes":""},"categories":[7,34],"tags":[],"class_list":["post-15888","post","type-post","status-publish","format-standard","has-post-thumbnail","hentry","category-atacama","category-mineria"],"_links":{"self":[{"href":"https:\/\/www.radioamigavallenar.cl\/index.php?rest_route=\/wp\/v2\/posts\/15888","targetHints":{"allow":["GET"]}}],"collection":[{"href":"https:\/\/www.radioamigavallenar.cl\/index.php?rest_route=\/wp\/v2\/posts"}],"about":[{"href":"https:\/\/www.radioamigavallenar.cl\/index.php?rest_route=\/wp\/v2\/types\/post"}],"author":[{"embeddable":true,"href":"https:\/\/www.radioamigavallenar.cl\/index.php?rest_route=\/wp\/v2\/users\/2"}],"replies":[{"embeddable":true,"href":"https:\/\/www.radioamigavallenar.cl\/index.php?rest_route=%2Fwp%2Fv2%2Fcomments&post=15888"}],"version-history":[{"count":0,"href":"https:\/\/www.radioamigavallenar.cl\/index.php?rest_route=\/wp\/v2\/posts\/15888\/revisions"}],"wp:featuredmedia":[{"embeddable":true,"href":"https:\/\/www.radioamigavallenar.cl\/index.php?rest_route=\/wp\/v2\/media\/15889"}],"wp:attachment":[{"href":"https:\/\/www.radioamigavallenar.cl\/index.php?rest_route=%2Fwp%2Fv2%2Fmedia&parent=15888"}],"wp:term":[{"taxonomy":"category","embeddable":true,"href":"https:\/\/www.radioamigavallenar.cl\/index.php?rest_route=%2Fwp%2Fv2%2Fcategories&post=15888"},{"taxonomy":"post_tag","embeddable":true,"href":"https:\/\/www.radioamigavallenar.cl\/index.php?rest_route=%2Fwp%2Fv2%2Ftags&post=15888"}],"curies":[{"name":"wp","href":"https:\/\/api.w.org\/{rel}","templated":true}]}}