{"id":15883,"date":"2019-08-24T00:57:36","date_gmt":"2019-08-24T04:57:36","guid":{"rendered":"https:\/\/www.radioamigavallenar.cl\/?p=15883"},"modified":"2019-08-24T00:57:37","modified_gmt":"2019-08-24T04:57:37","slug":"alerta-temprana-preventiva-para-las-comunas-de-diego-de-almagro-copiapo-tierra-amarilla-vallenar-y-alto-del-carmen-por-altas-temperaturas","status":"publish","type":"post","link":"https:\/\/www.radioamigavallenar.cl\/?p=15883","title":{"rendered":"Alerta Temprana Preventiva para las comunas de Diego de Almagro, Copiap\u00f3, Tierra Amarilla, Vallenar y Alto del Carmen por altas temperaturas"},"content":{"rendered":"\n<ul class=\"wp-block-gallery columns-2 is-cropped wp-block-gallery-1 is-layout-flex wp-block-gallery-is-layout-flex\"><li class=\"blocks-gallery-item\"><figure><img loading=\"lazy\" decoding=\"async\" width=\"1024\" height=\"1024\" src=\"https:\/\/www.radioamigavallenar.cl\/wp-content\/uploads\/2019\/08\/Altas-Temperaturas_Mesa-de-trabajo-03-1024x1024.png\" alt=\"\" data-id=\"15884\" data-link=\"https:\/\/www.radioamigavallenar.cl\/?attachment_id=15884\" class=\"wp-image-15884\" srcset=\"https:\/\/www.radioamigavallenar.cl\/wp-content\/uploads\/2019\/08\/Altas-Temperaturas_Mesa-de-trabajo-03-1024x1024.png 1024w, https:\/\/www.radioamigavallenar.cl\/wp-content\/uploads\/2019\/08\/Altas-Temperaturas_Mesa-de-trabajo-03-150x150.png 150w, https:\/\/www.radioamigavallenar.cl\/wp-content\/uploads\/2019\/08\/Altas-Temperaturas_Mesa-de-trabajo-03-300x300.png 300w, https:\/\/www.radioamigavallenar.cl\/wp-content\/uploads\/2019\/08\/Altas-Temperaturas_Mesa-de-trabajo-03-768x768.png 768w, https:\/\/www.radioamigavallenar.cl\/wp-content\/uploads\/2019\/08\/Altas-Temperaturas_Mesa-de-trabajo-03.png 1025w\" sizes=\"auto, (max-width: 1024px) 100vw, 1024px\" \/><\/figure><\/li><li class=\"blocks-gallery-item\"><figure><img loading=\"lazy\" decoding=\"async\" width=\"1024\" height=\"1024\" src=\"https:\/\/www.radioamigavallenar.cl\/wp-content\/uploads\/2019\/08\/2018.11.06_Altas-Temperaturas_Mesa-de-trabajo-04-1024x1024.png\" alt=\"\" data-id=\"15885\" data-link=\"https:\/\/www.radioamigavallenar.cl\/?attachment_id=15885\" class=\"wp-image-15885\" srcset=\"https:\/\/www.radioamigavallenar.cl\/wp-content\/uploads\/2019\/08\/2018.11.06_Altas-Temperaturas_Mesa-de-trabajo-04-1024x1024.png 1024w, https:\/\/www.radioamigavallenar.cl\/wp-content\/uploads\/2019\/08\/2018.11.06_Altas-Temperaturas_Mesa-de-trabajo-04-150x150.png 150w, https:\/\/www.radioamigavallenar.cl\/wp-content\/uploads\/2019\/08\/2018.11.06_Altas-Temperaturas_Mesa-de-trabajo-04-300x300.png 300w, https:\/\/www.radioamigavallenar.cl\/wp-content\/uploads\/2019\/08\/2018.11.06_Altas-Temperaturas_Mesa-de-trabajo-04-768x768.png 768w, https:\/\/www.radioamigavallenar.cl\/wp-content\/uploads\/2019\/08\/2018.11.06_Altas-Temperaturas_Mesa-de-trabajo-04.png 1025w\" sizes=\"auto, (max-width: 1024px) 100vw, 1024px\" \/><\/figure><\/li><\/ul>\n\n\n\n<p>La informaci\u00f3n proporcionada por la Direcci\u00f3n Meteorol\u00f3gica de Chile (DMC), mediante su Aviso Meteorol\u00f3gico emitido durante la presente jornada, indica que se prev\u00e9n altas temperaturas en la depresi\u00f3n intermedia y precordillera de la Regi\u00f3n de Atacama, para los d\u00edas lunes 26 y martes 27 de agosto.<\/p>\n\n\n\n<p>En consideraci\u00f3n a este antecedente, que supone un aumento del riesgo asociado a esta variable meteorol\u00f3gica, la Direcci\u00f3n Regional de ONEMI Atacama declara Alerta Temprana Preventiva para las comunas de Diego de Almagro, Copiap\u00f3, Tierra Amarilla, Vallenar y Alto del Carmen por altas temperaturas, vigente a partir de hoy y hasta que las condiciones meteorol\u00f3gicas as\u00ed lo ameriten.<\/p>\n\n\n\n<p>La declaraci\u00f3n de esta alerta se constituye como un estado de reforzamiento de la vigilancia, mediante el monitoreo preciso y riguroso de las condiciones de riesgo y las respectivas vulnerabilidades asociadas a la amenaza, coordinando y activando al Sistema de Protecci\u00f3n Civil con el fin de actuar oportunamente frente a eventuales situaciones de emergencia.<\/p>\n","protected":false},"excerpt":{"rendered":"<p>La informaci\u00f3n proporcionada por la Direcci\u00f3n Meteorol\u00f3gica de Chile (DMC), mediante su Aviso Meteorol\u00f3gico emitido durante la presente jornada, indica que se prev\u00e9n altas temperaturas&hellip; <\/p>\n","protected":false},"author":2,"featured_media":15886,"comment_status":"open","ping_status":"closed","sticky":false,"template":"","format":"standard","meta":{"footnotes":""},"categories":[5,7,2],"tags":[],"class_list":["post-15883","post","type-post","status-publish","format-standard","has-post-thumbnail","hentry","category-alto-del-carmen","category-atacama","category-vallenar"],"_links":{"self":[{"href":"https:\/\/www.radioamigavallenar.cl\/index.php?rest_route=\/wp\/v2\/posts\/15883","targetHints":{"allow":["GET"]}}],"collection":[{"href":"https:\/\/www.radioamigavallenar.cl\/index.php?rest_route=\/wp\/v2\/posts"}],"about":[{"href":"https:\/\/www.radioamigavallenar.cl\/index.php?rest_route=\/wp\/v2\/types\/post"}],"author":[{"embeddable":true,"href":"https:\/\/www.radioamigavallenar.cl\/index.php?rest_route=\/wp\/v2\/users\/2"}],"replies":[{"embeddable":true,"href":"https:\/\/www.radioamigavallenar.cl\/index.php?rest_route=%2Fwp%2Fv2%2Fcomments&post=15883"}],"version-history":[{"count":0,"href":"https:\/\/www.radioamigavallenar.cl\/index.php?rest_route=\/wp\/v2\/posts\/15883\/revisions"}],"wp:featuredmedia":[{"embeddable":true,"href":"https:\/\/www.radioamigavallenar.cl\/index.php?rest_route=\/wp\/v2\/media\/15886"}],"wp:attachment":[{"href":"https:\/\/www.radioamigavallenar.cl\/index.php?rest_route=%2Fwp%2Fv2%2Fmedia&parent=15883"}],"wp:term":[{"taxonomy":"category","embeddable":true,"href":"https:\/\/www.radioamigavallenar.cl\/index.php?rest_route=%2Fwp%2Fv2%2Fcategories&post=15883"},{"taxonomy":"post_tag","embeddable":true,"href":"https:\/\/www.radioamigavallenar.cl\/index.php?rest_route=%2Fwp%2Fv2%2Ftags&post=15883"}],"curies":[{"name":"wp","href":"https:\/\/api.w.org\/{rel}","templated":true}]}}