{"id":15877,"date":"2019-08-24T00:01:33","date_gmt":"2019-08-24T04:01:33","guid":{"rendered":"https:\/\/www.radioamigavallenar.cl\/?p=15877"},"modified":"2019-08-23T22:05:40","modified_gmt":"2019-08-24T02:05:40","slug":"alcalde-cristian-tapia-participo-en-reunion-con-alcaldes-de-chile-para-buscar-mayores-recursos-para-combatir-la-delincuencia-en-sus-comunas","status":"publish","type":"post","link":"https:\/\/www.radioamigavallenar.cl\/?p=15877","title":{"rendered":"Alcalde Cristian Tapia particip\u00f3 en reuni\u00f3n con Alcaldes de Chile para buscar mayores recursos para combatir la delincuencia en sus comunas"},"content":{"rendered":"\n<figure class=\"wp-block-image\"><img loading=\"lazy\" decoding=\"async\" width=\"1024\" height=\"684\" src=\"https:\/\/www.radioamigavallenar.cl\/wp-content\/uploads\/2019\/08\/199-1024x684-1024x684.jpg\" alt=\"\" class=\"wp-image-15880\" srcset=\"https:\/\/www.radioamigavallenar.cl\/wp-content\/uploads\/2019\/08\/199-1024x684.jpg 1024w, https:\/\/www.radioamigavallenar.cl\/wp-content\/uploads\/2019\/08\/199-1024x684-300x200.jpg 300w, https:\/\/www.radioamigavallenar.cl\/wp-content\/uploads\/2019\/08\/199-1024x684-768x513.jpg 768w\" sizes=\"auto, (max-width: 1024px) 100vw, 1024px\" \/><\/figure>\n\n\n\n<p>El alcalde de Vallenar, Cristian Tapia Ramos, particip\u00f3 recientemente en una reuni\u00f3n de seguridad p\u00fablica, convocada por la Asociaci\u00f3n de Municipalidades de Chile, para as\u00ed abordar de manera conjunta una agenda corta con todos los actores involucrados para alcanzar el objetivo de erradicar la delincuencia en el pa\u00eds.<\/p>\n\n\n\n<p>Tapia destac\u00f3 que \u201cesta es una muy buena instancia, ya que los alcaldes del pa\u00eds debemos de tomar este tema con la seriedad que corresponde pero destacando la responsabilidad del gobierno y el congreso, todo esto, porque al final somos los alcaldes los que estamos dando la cara en cada una de las comunas, porque ni los gobernadores ni el gobierno est\u00e1n haciendo presencia en esta batalla que tenemos con la delincuencia, el tr\u00e1fico y el narcotr\u00e1fico\u201d.<\/p>\n\n\n\n<figure class=\"wp-block-audio\"><audio controls src=\"https:\/\/www.radioamigavallenar.cl\/wp-content\/uploads\/2019\/08\/VALLENAR-1.mp3\"><\/audio><\/figure>\n\n\n\n<p>Por su parte, Germ\u00e1n Codina, Alcalde de Puerto Alto, se\u00f1al\u00f3 que \u201cesta es una oportunidad hist\u00f3rica, porque lo que ocurri\u00f3 en nuestra comuna es solamente una muestra de los que se est\u00e1 instalando en Latinoam\u00e9rica y que est\u00e1 contagiando a Chile, es por eso que tenemos que tenemos que tomar medidas a tiempo, ponerle el cascabel al gato y para eso tenemos que estar todos juntos contra la delincuencia\u201d, puntualiz\u00f3.<\/p>\n\n\n\n<figure class=\"wp-block-audio\"><audio controls src=\"https:\/\/www.radioamigavallenar.cl\/wp-content\/uploads\/2019\/08\/VALLENAR-2.mp3\"><\/audio><\/figure>\n\n\n\n<p>Finalmente, los municipios de Chile le dicen NO al centralismo y a la inequidad en la distribuci\u00f3n en los recursos, haciendo un llamado a las instituciones del estado de Chile que tienen por objetivo la seguridad p\u00fablica a que adopten las medidas necesarias para evitar&nbsp;situaciones de desigualdad y centralismo en la distribuci\u00f3n de los servicios comprometidos con la poblaci\u00f3n en barrios y comunas.<\/p>\n","protected":false},"excerpt":{"rendered":"<p>El alcalde de Vallenar, Cristian Tapia Ramos, particip\u00f3 recientemente en una reuni\u00f3n de seguridad p\u00fablica, convocada por la Asociaci\u00f3n de Municipalidades de Chile, para as\u00ed&hellip; <\/p>\n","protected":false},"author":2,"featured_media":15880,"comment_status":"open","ping_status":"closed","sticky":false,"template":"","format":"standard","meta":{"footnotes":""},"categories":[2],"tags":[],"class_list":["post-15877","post","type-post","status-publish","format-standard","has-post-thumbnail","hentry","category-vallenar"],"_links":{"self":[{"href":"https:\/\/www.radioamigavallenar.cl\/index.php?rest_route=\/wp\/v2\/posts\/15877","targetHints":{"allow":["GET"]}}],"collection":[{"href":"https:\/\/www.radioamigavallenar.cl\/index.php?rest_route=\/wp\/v2\/posts"}],"about":[{"href":"https:\/\/www.radioamigavallenar.cl\/index.php?rest_route=\/wp\/v2\/types\/post"}],"author":[{"embeddable":true,"href":"https:\/\/www.radioamigavallenar.cl\/index.php?rest_route=\/wp\/v2\/users\/2"}],"replies":[{"embeddable":true,"href":"https:\/\/www.radioamigavallenar.cl\/index.php?rest_route=%2Fwp%2Fv2%2Fcomments&post=15877"}],"version-history":[{"count":0,"href":"https:\/\/www.radioamigavallenar.cl\/index.php?rest_route=\/wp\/v2\/posts\/15877\/revisions"}],"wp:featuredmedia":[{"embeddable":true,"href":"https:\/\/www.radioamigavallenar.cl\/index.php?rest_route=\/wp\/v2\/media\/15880"}],"wp:attachment":[{"href":"https:\/\/www.radioamigavallenar.cl\/index.php?rest_route=%2Fwp%2Fv2%2Fmedia&parent=15877"}],"wp:term":[{"taxonomy":"category","embeddable":true,"href":"https:\/\/www.radioamigavallenar.cl\/index.php?rest_route=%2Fwp%2Fv2%2Fcategories&post=15877"},{"taxonomy":"post_tag","embeddable":true,"href":"https:\/\/www.radioamigavallenar.cl\/index.php?rest_route=%2Fwp%2Fv2%2Ftags&post=15877"}],"curies":[{"name":"wp","href":"https:\/\/api.w.org\/{rel}","templated":true}]}}