{"id":15874,"date":"2019-08-24T00:00:35","date_gmt":"2019-08-24T04:00:35","guid":{"rendered":"https:\/\/www.radioamigavallenar.cl\/?p=15874"},"modified":"2019-08-23T22:00:06","modified_gmt":"2019-08-24T02:00:06","slug":"presencia-del-gobierno-en-masivo-encuentro-con-vecinos-de-la-villa-el-jilguero-en-vallenar","status":"publish","type":"post","link":"https:\/\/www.radioamigavallenar.cl\/?p=15874","title":{"rendered":"Presencia del Gobierno en masivo encuentro con vecinos de la Villa El Jilguero en Vallenar"},"content":{"rendered":"\n<div class=\"wp-block-image\"><figure class=\"aligncenter is-resized\"><img loading=\"lazy\" decoding=\"async\" src=\"https:\/\/www.radioamigavallenar.cl\/wp-content\/uploads\/2019\/08\/3ff6d57c-05db-4c10-9850-4f496d506910-1024x768-1024x768.jpg\" alt=\"\" class=\"wp-image-15875\" width=\"539\" height=\"404\" srcset=\"https:\/\/www.radioamigavallenar.cl\/wp-content\/uploads\/2019\/08\/3ff6d57c-05db-4c10-9850-4f496d506910-1024x768.jpg 1024w, https:\/\/www.radioamigavallenar.cl\/wp-content\/uploads\/2019\/08\/3ff6d57c-05db-4c10-9850-4f496d506910-1024x768-300x225.jpg 300w, https:\/\/www.radioamigavallenar.cl\/wp-content\/uploads\/2019\/08\/3ff6d57c-05db-4c10-9850-4f496d506910-1024x768-768x576.jpg 768w\" sizes=\"auto, (max-width: 539px) 100vw, 539px\" \/><\/figure><\/div>\n\n\n\n<p><strong>M\u00e1s de un centenar de personas participaron del dialogo ciudadano organizado por la Gobernaci\u00f3n Provincial del Huasco<\/strong><\/p>\n\n\n\n<p>Una masiva concurrencia que supero las 100 personas se dio cita en un nuevo di\u00e1logo ciudadano encabezado por la Gobernadora de la Provincia del Huasco, Nelly Galeb Bou, en Vallenar.<\/p>\n\n\n\n<p>La actividad est\u00e1 inserta en el programa de Gobierno en Terreno que lleva a cabo la Gobernaci\u00f3n Provincial del Huasco, en la oportunidad se cont\u00f3 adem\u00e1s con la importante presencia de los Seremis de; Transportes y Telecomunicaciones Vittorio Ghiglino Bianchi, Bienes Nacionales, Carla Guaita y Energ\u00eda, Kim \u2013 Fa Bondi Hafon, el director provincial de Vialidad, el representante de la CGE, el administrador Municipal, Jorge Villalobos, la DOH, adem\u00e1s de la presencia del Concejal de la comuna de Vallenar, Luis Valderrama, los dirigentes locales y vecinos del sector.<\/p>\n\n\n\n<p>Para la Gobernadora Nelly Galeb destac\u00f3 la importancia de este tipo de encuentros n donde se logra una retroalimentaci\u00f3n entre el gobierno, la comunidad y las autoridades \u201cEl Presidente Pi\u00f1era nos ha solicitado ir donde est\u00e1 la gente, atender de sus necesidades y abordar la soluci\u00f3n a sus problemas, hemos tenido una gran concurrencia y eso en gran medida se debe adem\u00e1s al compromiso que manifiestan las autoridades de Gobierno, el contar con la presencia de los secretarios regionales ministeriales sin duda que general la confianza que la comunidad requiere de sus autoridades y eso se reconoce y se agradece por el compromiso, la disposici\u00f3n y la voluntad de cada uno\u201d, destac\u00f3.<\/p>\n\n\n\n<p>Una de las demandas m\u00e1s requeridas en este tipo de actividades tiene que ver con la presencia de la Seremi de Bienes Nacionales, al respecto Carla Guaita destac\u00f3 \u201cEl Presidente nos pidi\u00f3 menos escritorio y m\u00e1s territorio y eso es lo que estamos haciendo, hay muchas cosas por resolver y tenemos toda la voluntad y el trabajo de nuestros equipos para resolverlos temas que m\u00e1s preocupan a la poblaci\u00f3n, para buscar la f\u00f3rmula de regularizar los t\u00edtulos de dominio ac\u00e1 en este sector, nos llevamos harta pega lo importante ahora es buscar la instancia de soluci\u00f3n a sus demandas de tal manera de brindar a los vecinos de este sector una mejor calidad de vida\u201d.<\/p>\n\n\n\n<p>Por su parte La Seremi de Energ\u00eda Kim \u2013 Fa Bondi, destac\u00f3 la instancia de abordar en conjunto con la propia comunidad os temas m\u00e1s prioritarios en cada uno de los servicios presentes en esta ocasi\u00f3n \u201cEstamos aqu\u00ed para aportar y apoyar todas aquellas gestiones que podamos realizar en bien de las familias que habita y residen en estas localidades, este es un mandato de nuestro Presidente Sebastian Pi\u00f1era por lo tanto cada vez que se nos requiera debemos hacer el esfuerzo para estar presente y responder a las inquietudes que tiene la poblaci\u00f3n\u201d.<\/p>\n\n\n\n<p>De igual modo importan fue la presencia y participaci\u00f3n del seremi de Transportes Vittorio Ghiglino, quien adem\u00e1s junto a la gobernadora desarroll\u00f3 una intensa agenda trabajo y reuniones con distintos estamentos de la provincia y que tienen que ver con su cartera, en materia de conectividad, servicio de locomoci\u00f3n colectiva y en el caso de la Villa El Jilguero, adem\u00e1s, abordar la problem\u00e1tica en sistemas de telefon\u00eda que afecta a una parte de la Villa \u201cComprometidos con la gesti\u00f3n que el Gobierno est\u00e1 desarrollando fundamentalmente en terreno, conociendo de las principales demandas de la poblaci\u00f3n y asumiendo adem\u00e1s los compromisos que sean necesarios, un trabajo importante el que estamos desarrollando junto a la Gobernadora del Huasco\u201d, se\u00f1al\u00f3.<\/p>\n\n\n\n<p>Finalmente satisfacci\u00f3n en los dirigentes del sector, fueron muy claros en se\u00f1alar la importancia que tiene cuando las autoridades se preocupan y acogen las demandas que tenemos \u201cMuy importante que el Gobierno se acerque a la comunidad, la gente queda m\u00e1s tranquila, yo creo que esta ha sido una jornada muy positiva para todos\u201d, indic\u00f3 Marco Antonio Ramirez, uno de los Presidente de Junta de Vecinos del sector. Del mismo modo Luisa Mu\u00f1oz, muy contenta expres\u00f3 sus agradecimientos \u201cse hizo lo que esper\u00e1bamos, agradecemos la gesti\u00f3n de la Gobernadora al comprometer la presencia de las autoridades regionales\u201d.<\/p>\n","protected":false},"excerpt":{"rendered":"<p>M\u00e1s de un centenar de personas participaron del dialogo ciudadano organizado por la Gobernaci\u00f3n Provincial del Huasco Una masiva concurrencia que supero las 100 personas&hellip; <\/p>\n","protected":false},"author":2,"featured_media":15875,"comment_status":"open","ping_status":"closed","sticky":false,"template":"","format":"standard","meta":{"footnotes":""},"categories":[2],"tags":[],"class_list":["post-15874","post","type-post","status-publish","format-standard","has-post-thumbnail","hentry","category-vallenar"],"_links":{"self":[{"href":"https:\/\/www.radioamigavallenar.cl\/index.php?rest_route=\/wp\/v2\/posts\/15874","targetHints":{"allow":["GET"]}}],"collection":[{"href":"https:\/\/www.radioamigavallenar.cl\/index.php?rest_route=\/wp\/v2\/posts"}],"about":[{"href":"https:\/\/www.radioamigavallenar.cl\/index.php?rest_route=\/wp\/v2\/types\/post"}],"author":[{"embeddable":true,"href":"https:\/\/www.radioamigavallenar.cl\/index.php?rest_route=\/wp\/v2\/users\/2"}],"replies":[{"embeddable":true,"href":"https:\/\/www.radioamigavallenar.cl\/index.php?rest_route=%2Fwp%2Fv2%2Fcomments&post=15874"}],"version-history":[{"count":0,"href":"https:\/\/www.radioamigavallenar.cl\/index.php?rest_route=\/wp\/v2\/posts\/15874\/revisions"}],"wp:featuredmedia":[{"embeddable":true,"href":"https:\/\/www.radioamigavallenar.cl\/index.php?rest_route=\/wp\/v2\/media\/15875"}],"wp:attachment":[{"href":"https:\/\/www.radioamigavallenar.cl\/index.php?rest_route=%2Fwp%2Fv2%2Fmedia&parent=15874"}],"wp:term":[{"taxonomy":"category","embeddable":true,"href":"https:\/\/www.radioamigavallenar.cl\/index.php?rest_route=%2Fwp%2Fv2%2Fcategories&post=15874"},{"taxonomy":"post_tag","embeddable":true,"href":"https:\/\/www.radioamigavallenar.cl\/index.php?rest_route=%2Fwp%2Fv2%2Ftags&post=15874"}],"curies":[{"name":"wp","href":"https:\/\/api.w.org\/{rel}","templated":true}]}}