{"id":15871,"date":"2019-08-24T00:00:03","date_gmt":"2019-08-24T04:00:03","guid":{"rendered":"https:\/\/www.radioamigavallenar.cl\/?p=15871"},"modified":"2019-08-23T21:55:55","modified_gmt":"2019-08-24T01:55:55","slug":"mas-de-7-mil-escolares-se-vacunaran-contra-el-virus-papiloma-humano-en-atacama","status":"publish","type":"post","link":"https:\/\/www.radioamigavallenar.cl\/?p=15871","title":{"rendered":"M\u00e1s de 7 mil escolares se vacunar\u00e1n contra el Virus Papiloma Humano en Atacama"},"content":{"rendered":"\n<figure class=\"wp-block-image\"><img loading=\"lazy\" decoding=\"async\" width=\"750\" height=\"401\" src=\"https:\/\/www.radioamigavallenar.cl\/wp-content\/uploads\/2019\/08\/Captura-de-pantalla-2019-08-23-a-las-18.32.51.png\" alt=\"\" class=\"wp-image-15872\" srcset=\"https:\/\/www.radioamigavallenar.cl\/wp-content\/uploads\/2019\/08\/Captura-de-pantalla-2019-08-23-a-las-18.32.51.png 750w, https:\/\/www.radioamigavallenar.cl\/wp-content\/uploads\/2019\/08\/Captura-de-pantalla-2019-08-23-a-las-18.32.51-300x160.png 300w\" sizes=\"auto, (max-width: 750px) 100vw, 750px\" \/><\/figure>\n\n\n\n<p><strong><em>La inmunizaci\u00f3n ayuda a proteger contra ciertos c\u00e1nceres en edad adulta, verrugas u otras infecciones genitales.<\/em><\/strong><\/p>\n\n\n\n<p>Los quipos de vacunaci\u00f3n de los centros de salud de nuestra regi\u00f3n, se encuentra visitando los establecimientos escolares con el fin de vacunar contra el Virus del Papiloma Humano (VPH), iniciativa que por primera vez incluir\u00e1 a varones de cuarto b\u00e1sico.<\/p>\n\n\n\n<p>\u201cCon esta vacuna queremos prevenir distintos tipos de c\u00e1nceres, ya sea en ni\u00f1as como es el c\u00e1ncer cervicouterino, y en los hombres el c\u00e1ncer de pene. Se trata de una vacuna que es obligatoria y gratuita\u201d, explic\u00f3 el Seremi de Salud (S) Mauricio Bertoglia, quien adem\u00e1s detall\u00f3 que ser\u00e1n 7.471 escolares que se deben vacunar en toda&nbsp; la regi\u00f3n.<\/p>\n\n\n\n<p>Chile incorpor\u00f3 esta vacuna al Programa Nacional de Inmunizaci\u00f3n en 2014. Primero a las ni\u00f1as de 9 a\u00f1os y este a\u00f1o, a varones de igual edad. La vacunaci\u00f3n se hace en los colegios por parte de personal de salud y se realiza durante el segundo semestre de cada a\u00f1o. La incorporaci\u00f3n de ni\u00f1os en la vacunaci\u00f3n contra el virus Papiloma H asegura la protecci\u00f3n directa obteniendo su propia inmunidad, independiente de la cobertura de vacunaci\u00f3n en las mujeres.<\/p>\n\n\n\n<p>La vacuna contra el VPH ayuda a proteger contra ciertos virus que pueden provocar c\u00e1ncer en edad adulta o verrugas u otras infecciones genitales. Y se recomienda para las ni\u00f1as y ni\u00f1os antes de que inicien su vida sexual.<\/p>\n\n\n\n<p>\u00bf<strong>Por qu\u00e9 hay que vacunar a los ni\u00f1os<\/strong>?<\/p>\n\n\n\n<p>La vacuna contra el Virus Papiloma Humano (VPH) se coloca como una manera de prevenir el c\u00e1ncer cervicouterino en edad adulta, en el caso de las mujeres, segunda causa de mortalidad por c\u00e1ncer en este grupo de la poblaci\u00f3n.<\/p>\n\n\n\n<p>En hombres, el VPH est\u00e1 asociado a c\u00e1ncer de pene y anal. Pero, adem\u00e1s, la infecci\u00f3n es relevante por el riesgo de transmisi\u00f3n y carga de enfermedad.<\/p>\n","protected":false},"excerpt":{"rendered":"<p>La inmunizaci\u00f3n ayuda a proteger contra ciertos c\u00e1nceres en edad adulta, verrugas u otras infecciones genitales. Los quipos de vacunaci\u00f3n de los centros de salud&hellip; <\/p>\n","protected":false},"author":2,"featured_media":15872,"comment_status":"open","ping_status":"closed","sticky":false,"template":"","format":"standard","meta":{"footnotes":""},"categories":[7],"tags":[],"class_list":["post-15871","post","type-post","status-publish","format-standard","has-post-thumbnail","hentry","category-atacama"],"_links":{"self":[{"href":"https:\/\/www.radioamigavallenar.cl\/index.php?rest_route=\/wp\/v2\/posts\/15871","targetHints":{"allow":["GET"]}}],"collection":[{"href":"https:\/\/www.radioamigavallenar.cl\/index.php?rest_route=\/wp\/v2\/posts"}],"about":[{"href":"https:\/\/www.radioamigavallenar.cl\/index.php?rest_route=\/wp\/v2\/types\/post"}],"author":[{"embeddable":true,"href":"https:\/\/www.radioamigavallenar.cl\/index.php?rest_route=\/wp\/v2\/users\/2"}],"replies":[{"embeddable":true,"href":"https:\/\/www.radioamigavallenar.cl\/index.php?rest_route=%2Fwp%2Fv2%2Fcomments&post=15871"}],"version-history":[{"count":0,"href":"https:\/\/www.radioamigavallenar.cl\/index.php?rest_route=\/wp\/v2\/posts\/15871\/revisions"}],"wp:featuredmedia":[{"embeddable":true,"href":"https:\/\/www.radioamigavallenar.cl\/index.php?rest_route=\/wp\/v2\/media\/15872"}],"wp:attachment":[{"href":"https:\/\/www.radioamigavallenar.cl\/index.php?rest_route=%2Fwp%2Fv2%2Fmedia&parent=15871"}],"wp:term":[{"taxonomy":"category","embeddable":true,"href":"https:\/\/www.radioamigavallenar.cl\/index.php?rest_route=%2Fwp%2Fv2%2Fcategories&post=15871"},{"taxonomy":"post_tag","embeddable":true,"href":"https:\/\/www.radioamigavallenar.cl\/index.php?rest_route=%2Fwp%2Fv2%2Ftags&post=15871"}],"curies":[{"name":"wp","href":"https:\/\/api.w.org\/{rel}","templated":true}]}}