{"id":15862,"date":"2019-08-23T12:35:00","date_gmt":"2019-08-23T16:35:00","guid":{"rendered":"https:\/\/www.radioamigavallenar.cl\/?p=15862"},"modified":"2019-08-23T12:41:42","modified_gmt":"2019-08-23T16:41:42","slug":"escuela-gregorio-castillo-marin-de-vallenar-culmino-su-aniversario-n55-con-gran-velada-artistica","status":"publish","type":"post","link":"https:\/\/www.radioamigavallenar.cl\/?p=15862","title":{"rendered":"Escuela Gregorio Castillo Mar\u00edn de Vallenar culmin\u00f3 su Aniversario N\u00b055 con gran velada art\u00edstica"},"content":{"rendered":"\n<ul class=\"wp-block-gallery columns-2 is-cropped wp-block-gallery-1 is-layout-flex wp-block-gallery-is-layout-flex\"><li class=\"blocks-gallery-item\"><figure><img loading=\"lazy\" decoding=\"async\" width=\"1024\" height=\"768\" src=\"https:\/\/www.radioamigavallenar.cl\/wp-content\/uploads\/2019\/08\/Aniversario-55-Gregorio-Castillo-Mar\u00a1n-3-1024x768.jpg\" alt=\"\" data-id=\"15867\" data-link=\"https:\/\/www.radioamigavallenar.cl\/?attachment_id=15867\" class=\"wp-image-15867\" srcset=\"https:\/\/www.radioamigavallenar.cl\/wp-content\/uploads\/2019\/08\/Aniversario-55-Gregorio-Castillo-Mar\u00a1n-3.jpg 1024w, https:\/\/www.radioamigavallenar.cl\/wp-content\/uploads\/2019\/08\/Aniversario-55-Gregorio-Castillo-Mar\u00a1n-3-300x225.jpg 300w, https:\/\/www.radioamigavallenar.cl\/wp-content\/uploads\/2019\/08\/Aniversario-55-Gregorio-Castillo-Mar\u00a1n-3-768x576.jpg 768w\" sizes=\"auto, (max-width: 1024px) 100vw, 1024px\" \/><\/figure><\/li><li class=\"blocks-gallery-item\"><figure><img loading=\"lazy\" decoding=\"async\" width=\"1024\" height=\"768\" src=\"https:\/\/www.radioamigavallenar.cl\/wp-content\/uploads\/2019\/08\/Aniversario-55-Gregorio-Castillo-Mar\u00a1n-2-1024x768.jpg\" alt=\"\" data-id=\"15866\" data-link=\"https:\/\/www.radioamigavallenar.cl\/?attachment_id=15866\" class=\"wp-image-15866\" srcset=\"https:\/\/www.radioamigavallenar.cl\/wp-content\/uploads\/2019\/08\/Aniversario-55-Gregorio-Castillo-Mar\u00a1n-2.jpg 1024w, https:\/\/www.radioamigavallenar.cl\/wp-content\/uploads\/2019\/08\/Aniversario-55-Gregorio-Castillo-Mar\u00a1n-2-300x225.jpg 300w, https:\/\/www.radioamigavallenar.cl\/wp-content\/uploads\/2019\/08\/Aniversario-55-Gregorio-Castillo-Mar\u00a1n-2-768x576.jpg 768w\" sizes=\"auto, (max-width: 1024px) 100vw, 1024px\" \/><\/figure><\/li><\/ul>\n\n\n\n<ul class=\"wp-block-list\"><li>Una semana llena de actividades vivi\u00f3 la comunidad educativa ubicada en pleno coraz\u00f3n de la poblaci\u00f3n Rafael Torreblanca de Vallenar.<\/li><\/ul>\n\n\n\n<p>Con una gran velada art\u00edstica, la Escuela Gregorio Castillo\nMar\u00edn de Vallenar, culmin\u00f3 una semana cargada de actividades para conmemorar\nlos 55 a\u00f1os al servicio de la educaci\u00f3n vallenarina. La escuela cuenta con\nExcelencia Acad\u00e9mica desde hace 10 a\u00f1os, que ha permitido construir una\neducaci\u00f3n de calidad para su comunidad educativa. <\/p>\n\n\n\n<p>\u201cBastantes desaf\u00edos, yo llevo 9 a\u00f1os en esta instituci\u00f3n y lo\n\u00fanico que he sentido es orgullo, los d\u00edas pasan, los a\u00f1os y con 9 a\u00f1os, yo creo\nque esta escuela va con gran avance en la parte pedag\u00f3gica y en la parte\nhumana, hay 115 funcionarios, entre profesores y asistentes que realmente dan\nganas de trabajar, vengo contenta a trabajar y los padres y apoderados que\nconstantemente est\u00e1n en este quehacer de apoyo constante, as\u00ed que feliz en\nestos 55 a\u00f1os\u201d, coment\u00f3 Marilyn Rojas Gonz\u00e1lez, directora del establecimiento. <\/p>\n\n\n\n<figure class=\"wp-block-audio\"><audio controls src=\"https:\/\/www.radioamigavallenar.cl\/wp-content\/uploads\/2019\/08\/Marilyn-Rojas-Gonzalez-Directora-Escuela-Gregorio-Castillo-Marin.mp3\"><\/audio><\/figure>\n\n\n\n<p>Al comenzar la velada art\u00edstica, primero se coron\u00f3 a la Reina\ny Rey 2019. Como soberanos de este aniversario&nbsp;han sido electos los\nalumnos, Natalia Leyton Quinto de del 3er a\u00f1o B y Juan Pablo Fredes Far\u00edas de\n5to a\u00f1o C. &nbsp;Adem\u00e1s, se entreg\u00f3 un reconocimiento a docentes y asistentes\nde la educaci\u00f3n por 25 y 30 a\u00f1os al servicio de la educaci\u00f3n de la escuela,\nellas fueron Luz Vergara Pi\u00f1ones, Tidolinda Cubillos Past\u00e9n y Norma Cubillos\nPast\u00e9n. <\/p>\n\n\n\n<p>El Director Ejecutivo del Servicio Local, Javier Obanos\nSandoval, presente en la actividad, mencion\u00f3 que, \u201cmuy contento de haber\nparticipado de esta actividad de aniversario del establecimiento, un\nestablecimiento emblem\u00e1tico de nuestra comuna y la verdad que feliz de haber\npodido compartir con todos los integrantes de la comunidad educativa, se\u00f1alar\nque esta escuela tiene desarrollo y logros importantes a lo largo del tiempo,\npor lo tanto era importante compartir con ellos en esta oportunidad, los\nfelicito porque demostraron una celebraci\u00f3n donde se pudo ver una puesta en\nescena espectacular, mucho compromiso, muy buen nivel de organizaci\u00f3n, as\u00ed que\ntengo muchas felicitaciones para cada uno de ellos, por supuesto a su directora\ny todo su equipo\u201d.<\/p>\n\n\n\n<figure class=\"wp-block-audio\"><audio controls src=\"https:\/\/www.radioamigavallenar.cl\/wp-content\/uploads\/2019\/08\/Director-ejecutivo-Javier-Obanos.mp3\"><\/audio><\/figure>\n\n\n\n<p>Luego fue el turno de la presentaci\u00f3n art\u00edstica, liderada por\nlos diferentes cursos del establecimiento, donde los alumnos y docentes, nos\ninvitaron a viajar a los diferentes carnavales que existen en nuestro planeta\ntierra.\n\nCabe\ndestacar que el Alcalde de Vallenar, Cristian Tapia Ramos, junto a los\nconcejales V\u00edctor Isla, Luis Valderrama y Patricio Neira y el Consejero\nRegional, Roberto Alegr\u00eda, tambi\u00e9n estuvieron presente acompa\u00f1ando a la\ncomunidad educativa en este nuevo aniversario.&nbsp;\n\n\n\n\n<\/p>\n","protected":false},"excerpt":{"rendered":"<p>Una semana llena de actividades vivi\u00f3 la comunidad educativa ubicada en pleno coraz\u00f3n de la poblaci\u00f3n Rafael Torreblanca de Vallenar. Con una gran velada art\u00edstica,&hellip; <\/p>\n","protected":false},"author":2,"featured_media":15866,"comment_status":"open","ping_status":"closed","sticky":false,"template":"","format":"standard","meta":{"footnotes":""},"categories":[1,2],"tags":[],"class_list":["post-15862","post","type-post","status-publish","format-standard","has-post-thumbnail","hentry","category-provincia-del-huasco-2","category-vallenar"],"_links":{"self":[{"href":"https:\/\/www.radioamigavallenar.cl\/index.php?rest_route=\/wp\/v2\/posts\/15862","targetHints":{"allow":["GET"]}}],"collection":[{"href":"https:\/\/www.radioamigavallenar.cl\/index.php?rest_route=\/wp\/v2\/posts"}],"about":[{"href":"https:\/\/www.radioamigavallenar.cl\/index.php?rest_route=\/wp\/v2\/types\/post"}],"author":[{"embeddable":true,"href":"https:\/\/www.radioamigavallenar.cl\/index.php?rest_route=\/wp\/v2\/users\/2"}],"replies":[{"embeddable":true,"href":"https:\/\/www.radioamigavallenar.cl\/index.php?rest_route=%2Fwp%2Fv2%2Fcomments&post=15862"}],"version-history":[{"count":0,"href":"https:\/\/www.radioamigavallenar.cl\/index.php?rest_route=\/wp\/v2\/posts\/15862\/revisions"}],"wp:featuredmedia":[{"embeddable":true,"href":"https:\/\/www.radioamigavallenar.cl\/index.php?rest_route=\/wp\/v2\/media\/15866"}],"wp:attachment":[{"href":"https:\/\/www.radioamigavallenar.cl\/index.php?rest_route=%2Fwp%2Fv2%2Fmedia&parent=15862"}],"wp:term":[{"taxonomy":"category","embeddable":true,"href":"https:\/\/www.radioamigavallenar.cl\/index.php?rest_route=%2Fwp%2Fv2%2Fcategories&post=15862"},{"taxonomy":"post_tag","embeddable":true,"href":"https:\/\/www.radioamigavallenar.cl\/index.php?rest_route=%2Fwp%2Fv2%2Ftags&post=15862"}],"curies":[{"name":"wp","href":"https:\/\/api.w.org\/{rel}","templated":true}]}}