{"id":15758,"date":"2019-08-21T10:17:30","date_gmt":"2019-08-21T14:17:30","guid":{"rendered":"https:\/\/www.radioamigavallenar.cl\/?p=15758"},"modified":"2019-08-21T10:17:31","modified_gmt":"2019-08-21T14:17:31","slug":"adultos-mayores-de-vallenar-de-vacaciones-a-chanaral","status":"publish","type":"post","link":"https:\/\/www.radioamigavallenar.cl\/?p=15758","title":{"rendered":"Adultos mayores de Vallenar de vacaciones a Cha\u00f1aral"},"content":{"rendered":"\n<figure class=\"wp-block-image\"><img loading=\"lazy\" decoding=\"async\" width=\"750\" height=\"400\" src=\"https:\/\/www.radioamigavallenar.cl\/wp-content\/uploads\/2019\/08\/valle.jpg\" alt=\"\" class=\"wp-image-15759\" srcset=\"https:\/\/www.radioamigavallenar.cl\/wp-content\/uploads\/2019\/08\/valle.jpg 750w, https:\/\/www.radioamigavallenar.cl\/wp-content\/uploads\/2019\/08\/valle-300x160.jpg 300w\" sizes=\"auto, (max-width: 750px) 100vw, 750px\" \/><\/figure>\n\n\n\n<p>Un entretenido y muy grato momento comparti\u00f3 la Gobernadora de la Provincia del Huasco Nelly Galeb Bou, con adultos mayores que iniciaban su viaje en una nueva experiencia de las \u201cVacaciones Tercera Edad\u201d que impulsa el Gobierno de Chile a trav\u00e9s de Sernatur.<\/p>\n\n\n\n<p>En la oportunidad la Gobernadora acompa\u00f1\u00f3 a uno 40 adultos mayores pertenecientes a la agrupaci\u00f3n folkl\u00f3rica \u201cVerde Atacama\u201d, \u201cApacrit\u201d, el CAM \u201cDivina Esperanza\u201d y \u201cAmigos Padre Hurtado\u201d, y de agrupaciones independientes en la comuna de Vallenar, quienes con gran entusiasmo se disponen a vivir una nueva experiencia en los viajes que realizan peri\u00f3dicamente los adultos mayores tanto en la comuna como en la regi\u00f3n.<\/p>\n\n\n\n<p>El momento fue propicio adem\u00e1s para saludar a don Juan Arturo Ahumada, que en el d\u00eda de hoy cumple sus 83 a\u00f1os de edad y que recibi\u00f3 el saludo de la Gobernadora y de sus compa\u00f1eros de viaje.<\/p>\n\n\n\n<p>En esta ocasi\u00f3n a trav\u00e9s de la iniciativa que lleva a cabo Sernatur. Programa cuyo objetivo es promover el turismo interno en temporada baja y media, potenciando el quiebre de la estacionalidad tur\u00edstica. Orientado a adultos mayores, jubilados, pensionados, montepiados y personas con capacidad reducida, su finalidad es hacer accesible el turismo a este grupo etario. Para ello, se desarrollan paquetes de viaje que cuentan con subsidio del Gobierno.<\/p>\n\n\n\n<p>El viaje en esta ocasi\u00f3n los llevar\u00e1 por tres d\u00edas a la comuna de Cha\u00f1aral, tiempo en el que disfrutar\u00e1n adem\u00e1s de gratos momentos de convivencia, de integraci\u00f3n y participaci\u00f3n y tambi\u00e9n de conocimiento.<\/p>\n\n\n\n<p>\u201cUna muy buena oportunidad a la cual pudieran acceder la mayor cantidad de nuestros Adultos Mejores, es una invitaci\u00f3n a disfrutar de buenos momentos y conocer con amigos y con amigas los lugares m\u00e1s hermosos que tiene nuestra regi\u00f3n de la mano de actividades que mejoran su calidad de vida e integraci\u00f3n social\u201d, destac\u00f3 la autoridad.<\/p>\n","protected":false},"excerpt":{"rendered":"<p>Un entretenido y muy grato momento comparti\u00f3 la Gobernadora de la Provincia del Huasco Nelly Galeb Bou, con adultos mayores que iniciaban su viaje en&hellip; <\/p>\n","protected":false},"author":2,"featured_media":15759,"comment_status":"open","ping_status":"closed","sticky":false,"template":"","format":"standard","meta":{"footnotes":""},"categories":[1,2],"tags":[],"class_list":["post-15758","post","type-post","status-publish","format-standard","has-post-thumbnail","hentry","category-provincia-del-huasco-2","category-vallenar"],"_links":{"self":[{"href":"https:\/\/www.radioamigavallenar.cl\/index.php?rest_route=\/wp\/v2\/posts\/15758","targetHints":{"allow":["GET"]}}],"collection":[{"href":"https:\/\/www.radioamigavallenar.cl\/index.php?rest_route=\/wp\/v2\/posts"}],"about":[{"href":"https:\/\/www.radioamigavallenar.cl\/index.php?rest_route=\/wp\/v2\/types\/post"}],"author":[{"embeddable":true,"href":"https:\/\/www.radioamigavallenar.cl\/index.php?rest_route=\/wp\/v2\/users\/2"}],"replies":[{"embeddable":true,"href":"https:\/\/www.radioamigavallenar.cl\/index.php?rest_route=%2Fwp%2Fv2%2Fcomments&post=15758"}],"version-history":[{"count":0,"href":"https:\/\/www.radioamigavallenar.cl\/index.php?rest_route=\/wp\/v2\/posts\/15758\/revisions"}],"wp:featuredmedia":[{"embeddable":true,"href":"https:\/\/www.radioamigavallenar.cl\/index.php?rest_route=\/wp\/v2\/media\/15759"}],"wp:attachment":[{"href":"https:\/\/www.radioamigavallenar.cl\/index.php?rest_route=%2Fwp%2Fv2%2Fmedia&parent=15758"}],"wp:term":[{"taxonomy":"category","embeddable":true,"href":"https:\/\/www.radioamigavallenar.cl\/index.php?rest_route=%2Fwp%2Fv2%2Fcategories&post=15758"},{"taxonomy":"post_tag","embeddable":true,"href":"https:\/\/www.radioamigavallenar.cl\/index.php?rest_route=%2Fwp%2Fv2%2Ftags&post=15758"}],"curies":[{"name":"wp","href":"https:\/\/api.w.org\/{rel}","templated":true}]}}