{"id":15751,"date":"2019-08-21T00:02:44","date_gmt":"2019-08-21T04:02:44","guid":{"rendered":"https:\/\/www.radioamigavallenar.cl\/?p=15751"},"modified":"2019-08-20T22:16:44","modified_gmt":"2019-08-21T02:16:44","slug":"el-7-de-septiembre-sera-la-corrida-10k-ciudad-de-vallenar","status":"publish","type":"post","link":"https:\/\/www.radioamigavallenar.cl\/?p=15751","title":{"rendered":"El 7 de septiembre ser\u00e1 la Corrida 10K Ciudad de Vallenar."},"content":{"rendered":"\n<figure class=\"wp-block-image\"><img loading=\"lazy\" decoding=\"async\" width=\"1024\" height=\"683\" src=\"https:\/\/www.radioamigavallenar.cl\/wp-content\/uploads\/2019\/08\/Corrida-Vallenar-2-1024x683.jpg\" alt=\"\" class=\"wp-image-15752\" srcset=\"https:\/\/www.radioamigavallenar.cl\/wp-content\/uploads\/2019\/08\/Corrida-Vallenar-2-1024x683.jpg 1024w, https:\/\/www.radioamigavallenar.cl\/wp-content\/uploads\/2019\/08\/Corrida-Vallenar-2-300x200.jpg 300w, https:\/\/www.radioamigavallenar.cl\/wp-content\/uploads\/2019\/08\/Corrida-Vallenar-2-768x512.jpg 768w, https:\/\/www.radioamigavallenar.cl\/wp-content\/uploads\/2019\/08\/Corrida-Vallenar-2.jpg 1600w\" sizes=\"auto, (max-width: 1024px) 100vw, 1024px\" \/><\/figure>\n\n\n\n<p>El Club Atl\u00e9tico Vicente Potrerillos Salinas de Vallenar, organizar\u00e1 con motivo de los 11 a\u00f1os de la Empresa Aguas Diaguitas de Vallenar, la competencia \u201cCorrida 10 k ciudad de Vallenar\u201d, que se realizar\u00e1 el d\u00eda s\u00e1bado 07 de septiembre 2019 a las 18:00 hrs., actividad que cuenta el financiamiento del Gobierno Regional de Atacama a trav\u00e9s del FNDR Para deporte y recreaci\u00f3n, el patrocinio de la Municipalidad de Vallenar.\u00a0\u00a0<\/p>\n\n\n\n<p><strong>RECORRIDO<\/strong>: <\/p>\n\n\n\n<p>La partida ser\u00e1 en el frontis de la Municipalidad de Vallenar (Plaza 25), Prat, subida acceso a Poblaci\u00f3n Baquedano, Jos\u00e9 Miguel Carrera, Avda. Per\u00fa, teniente Merino, Avda. Lourdes, Avda. la Paz, Pedro Le\u00f3n Gallo, Providencia, Carmen, Honorio P\u00e9rez, Carretera acceso Norte, Avda. Matta, Prat, Plaza Ambrosio O\u2019Higgins. Meta: Frontis del municipio.<\/p>\n\n\n\n<p><strong>INSCRIPCIONES:<\/strong> <\/p>\n\n\n\n<p>se podr\u00e1n realizar enviando los antecedentes al siguiente correo electr\u00f3nico: natalicio.vallenar@gmail.com o al fono cel.- 95503326 quienes no puedan realizar este tr\u00e1mite por este medio, lo podr\u00e1n hacer el d\u00eda de la competencia desde las 16:30 horas en el lugar de partida y meta frontis del edificio edilicio de Vallenar, teniendo un cupo limitado de 60 participantes.\u00a0\u00a0<\/p>\n\n\n\n<p><strong>CATEGOR\u00cdAS: <\/strong><\/p>\n\n\n\n<p>Todo Competidor y Damas y Varones Seniors Damas (mayores de 40 a\u00f1os) Seniors Varones (40 a 49 a\u00f1os) Master Varones (50 a\u00f1os y m\u00e1s)\u00a0PREMIOS: Se premiar\u00e1 a los Tres primeros lugares de cada categor\u00eda tanto Damas y Varones, estos premios consistir\u00e1n en Trofeos, Medallas, Poleras, Refrigerio y premios sorpresas entregados por los auspiciadores, adem\u00e1s la organizaci\u00f3n entregara un reconocimiento especial a los 60 finalistas con Medallas Finishers del Evento.\u00a0\u00a0<\/p>\n\n\n\n<p><strong>PREMIACI\u00d3N: <\/strong><\/p>\n\n\n\n<p>La ceremonia de premiaci\u00f3n se realizar\u00e1 en la zona de llegada Frontis de la Municipalidad de Vallenar aproximadamente a las 21:00 horas.\u00a0La organizaci\u00f3n contar\u00e1 con sistema de seguridad y de emergencias, durante el evento.<\/p>\n","protected":false},"excerpt":{"rendered":"<p>El Club Atl\u00e9tico Vicente Potrerillos Salinas de Vallenar, organizar\u00e1 con motivo de los 11 a\u00f1os de la Empresa Aguas Diaguitas de Vallenar, la competencia \u201cCorrida&hellip; <\/p>\n","protected":false},"author":2,"featured_media":15752,"comment_status":"open","ping_status":"closed","sticky":false,"template":"","format":"standard","meta":{"footnotes":""},"categories":[7,8,2],"tags":[],"class_list":["post-15751","post","type-post","status-publish","format-standard","has-post-thumbnail","hentry","category-atacama","category-deportes","category-vallenar"],"_links":{"self":[{"href":"https:\/\/www.radioamigavallenar.cl\/index.php?rest_route=\/wp\/v2\/posts\/15751","targetHints":{"allow":["GET"]}}],"collection":[{"href":"https:\/\/www.radioamigavallenar.cl\/index.php?rest_route=\/wp\/v2\/posts"}],"about":[{"href":"https:\/\/www.radioamigavallenar.cl\/index.php?rest_route=\/wp\/v2\/types\/post"}],"author":[{"embeddable":true,"href":"https:\/\/www.radioamigavallenar.cl\/index.php?rest_route=\/wp\/v2\/users\/2"}],"replies":[{"embeddable":true,"href":"https:\/\/www.radioamigavallenar.cl\/index.php?rest_route=%2Fwp%2Fv2%2Fcomments&post=15751"}],"version-history":[{"count":0,"href":"https:\/\/www.radioamigavallenar.cl\/index.php?rest_route=\/wp\/v2\/posts\/15751\/revisions"}],"wp:featuredmedia":[{"embeddable":true,"href":"https:\/\/www.radioamigavallenar.cl\/index.php?rest_route=\/wp\/v2\/media\/15752"}],"wp:attachment":[{"href":"https:\/\/www.radioamigavallenar.cl\/index.php?rest_route=%2Fwp%2Fv2%2Fmedia&parent=15751"}],"wp:term":[{"taxonomy":"category","embeddable":true,"href":"https:\/\/www.radioamigavallenar.cl\/index.php?rest_route=%2Fwp%2Fv2%2Fcategories&post=15751"},{"taxonomy":"post_tag","embeddable":true,"href":"https:\/\/www.radioamigavallenar.cl\/index.php?rest_route=%2Fwp%2Fv2%2Ftags&post=15751"}],"curies":[{"name":"wp","href":"https:\/\/api.w.org\/{rel}","templated":true}]}}