{"id":15744,"date":"2019-08-21T00:01:54","date_gmt":"2019-08-21T04:01:54","guid":{"rendered":"https:\/\/www.radioamigavallenar.cl\/?p=15744"},"modified":"2019-08-20T21:59:07","modified_gmt":"2019-08-21T01:59:07","slug":"cores-visitan-fundicion-de-enami-y-reciben-informacion-relevante-para-pequena-mineria-y-comunidad","status":"publish","type":"post","link":"https:\/\/www.radioamigavallenar.cl\/?p=15744","title":{"rendered":"CORES visitan Fundici\u00f3n de Enami y reciben informaci\u00f3n relevante para peque\u00f1a miner\u00eda y comunidad"},"content":{"rendered":"\n<figure class=\"wp-block-image\"><img loading=\"lazy\" decoding=\"async\" width=\"1024\" height=\"541\" src=\"https:\/\/www.radioamigavallenar.cl\/wp-content\/uploads\/2019\/08\/Foto-01-1024x541-1024x541.jpg\" alt=\"\" class=\"wp-image-15745\" srcset=\"https:\/\/www.radioamigavallenar.cl\/wp-content\/uploads\/2019\/08\/Foto-01-1024x541.jpg 1024w, https:\/\/www.radioamigavallenar.cl\/wp-content\/uploads\/2019\/08\/Foto-01-1024x541-300x158.jpg 300w, https:\/\/www.radioamigavallenar.cl\/wp-content\/uploads\/2019\/08\/Foto-01-1024x541-768x406.jpg 768w\" sizes=\"auto, (max-width: 1024px) 100vw, 1024px\" \/><\/figure>\n\n\n\n<ul class=\"wp-block-list\"><li><strong><em>Desde aumento de anticipos para productores mineros hasta nueva inversi\u00f3n para mejorar captaci\u00f3n de gases y disminuir contaminaci\u00f3n.<\/em><\/strong><\/li><\/ul>\n\n\n\n<p>Los Consejeros Regionales Patricia Gonz\u00e1lez, Mario Araya, Juan Santana y Javier Castillo, de la Comisi\u00f3n de Infraestructura, Fomento Productivo y Miner\u00eda del CORE Atacama; adem\u00e1s del Consejero H\u00e9ctor Volta, de la Comisi\u00f3n Provincial de Cha\u00f1aral, realizaron, la semana reci\u00e9n pasada, una visita a las dependencias de la Fundici\u00f3n Hern\u00e1n Videla Lira de Enami, en Paipote.<\/p>\n\n\n\n<p>En la ocasi\u00f3n, fueron recibidos por el Gerente de la Fundici\u00f3n, Marcelo Bustos; el Gerente de Modernizaci\u00f3n, Jos\u00e9 Andr\u00e9s Herrera; el Gerente de Seguridad y Sustentabilidad, V\u00edctor Olivares, y el Jefe de Relaciones Comunitarias, Rodrigo Mora. Oportunidad, donde se desarroll\u00f3 una importante reuni\u00f3n para, posteriormente, efectuar una visita a las instalaciones operativas del complejo de la Empresa Nacional de Miner\u00eda.<\/p>\n\n\n\n<p><strong>MENOS CONTAMINACI\u00d3N<\/strong><\/p>\n\n\n\n<p>Una de las principales preocupaciones de los Consejeros Regionales de Atacama es que toda actividad productiva se desarrolle en armon\u00eda con el cuidado del medio ambiente y las comunidades aleda\u00f1as. Inquietud que fue expuesta en dicha reuni\u00f3n.<\/p>\n\n\n\n<p>Sobre esto, la Presidenta de la Comisi\u00f3n de Infraestructura, Fomento Productivo y Miner\u00eda, Patricia Gonz\u00e1lez, coment\u00f3 que \u201chemos constatado que ha habido mejoras sobre el control de las emanaciones, as\u00ed como la pronta incorporaci\u00f3n de iniciativas que permitan mejores procesos en la productividad de la empresa, algo que nos deja tranquilos. De igual forma, volveremos en nuestro rol de fiscalizadores para comprobar la operatividad de estos anuncios que se pondr\u00e1n en marcha a fin de a\u00f1o\u201d, explic\u00f3 la Consejera Gonz\u00e1lez.<\/p>\n\n\n\n<p>Mientras que, el Gerente de la Fundici\u00f3n Hern\u00e1n Videla Lira, Marcelo Bustos, inform\u00f3 que \u201ccon la inversi\u00f3n que vamos a hacer a fin de a\u00f1o (5 millones de d\u00f3lares) que es la emisi\u00f3n de carga fr\u00eda en los convertidores esperamos subir esa captura de azufre a, por lo menos, de un 95% que hoy tenemos, a un 97%. Con eso estamos bastante protegidos. M\u00e1s all\u00e1 de la ley, nosotros estamos preocupados m\u00e1s que de cumplir las normativas medioambientales (28 y 104), estamos preocupados de no generar impacto adverso a la comunidad. Estamos saliendo del per\u00edodo de invierno y para el pr\u00f3ximo a\u00f1o, nos va a encontrar con una infraestructura mayor de captura de azufre y tambi\u00e9n con una mantenci\u00f3n m\u00e1s robusta que esperamos hacer ahora en octubre\u201d, indic\u00f3 el profesional de Enami.<\/p>\n\n\n\n<p><strong>MAYOR ANTICIPO<\/strong><\/p>\n\n\n\n<p>Durante la reuni\u00f3n, se anunci\u00f3 por parte de los Gerentes de Enami algunos avances favorables para los productores mineros de la regi\u00f3n, en relaci\u00f3n a:<\/p>\n\n\n\n<p><strong>1.- Una vez que los productores mineros hacen entrega del mineral en las plantas de la estatal, podr\u00e1n recibir un anticipo adicional del 90% dentro de los primeros ocho d\u00edas h\u00e1biles de realizada dicha entrega.<\/strong><\/p>\n\n\n\n<p><strong>2.- Enami cuenta con un sistema de remuestreo que pueden optar los productores para as\u00ed constatar que no existe manejo arbitrario de las leyes.<\/strong><\/p>\n\n\n\n<p>De acuerdo a esto, la Consejera Patricia Gonz\u00e1lez, sostuvo que \u201cme voy contenta con la informaci\u00f3n recibida para los peque\u00f1os mineros y pirquineros quienes van a tener una mejor opci\u00f3n para traer sus minerales y venderlos a la Enami, d\u00e1ndoles garant\u00edas favorables para ellos. Era una necesidad para nosotros venir y saber c\u00f3mo se est\u00e1 trabajando. Es necesario que la Fundici\u00f3n se mantenga por el trabajo que genera, tan necesario para la regi\u00f3n\u201d, puntualiz\u00f3 la autoridad regional.<\/p>\n","protected":false},"excerpt":{"rendered":"<p>Desde aumento de anticipos para productores mineros hasta nueva inversi\u00f3n para mejorar captaci\u00f3n de gases y disminuir contaminaci\u00f3n. Los Consejeros Regionales Patricia Gonz\u00e1lez, Mario Araya,&hellip; <\/p>\n","protected":false},"author":2,"featured_media":15745,"comment_status":"open","ping_status":"closed","sticky":false,"template":"","format":"standard","meta":{"footnotes":""},"categories":[7,34],"tags":[],"class_list":["post-15744","post","type-post","status-publish","format-standard","has-post-thumbnail","hentry","category-atacama","category-mineria"],"_links":{"self":[{"href":"https:\/\/www.radioamigavallenar.cl\/index.php?rest_route=\/wp\/v2\/posts\/15744","targetHints":{"allow":["GET"]}}],"collection":[{"href":"https:\/\/www.radioamigavallenar.cl\/index.php?rest_route=\/wp\/v2\/posts"}],"about":[{"href":"https:\/\/www.radioamigavallenar.cl\/index.php?rest_route=\/wp\/v2\/types\/post"}],"author":[{"embeddable":true,"href":"https:\/\/www.radioamigavallenar.cl\/index.php?rest_route=\/wp\/v2\/users\/2"}],"replies":[{"embeddable":true,"href":"https:\/\/www.radioamigavallenar.cl\/index.php?rest_route=%2Fwp%2Fv2%2Fcomments&post=15744"}],"version-history":[{"count":0,"href":"https:\/\/www.radioamigavallenar.cl\/index.php?rest_route=\/wp\/v2\/posts\/15744\/revisions"}],"wp:featuredmedia":[{"embeddable":true,"href":"https:\/\/www.radioamigavallenar.cl\/index.php?rest_route=\/wp\/v2\/media\/15745"}],"wp:attachment":[{"href":"https:\/\/www.radioamigavallenar.cl\/index.php?rest_route=%2Fwp%2Fv2%2Fmedia&parent=15744"}],"wp:term":[{"taxonomy":"category","embeddable":true,"href":"https:\/\/www.radioamigavallenar.cl\/index.php?rest_route=%2Fwp%2Fv2%2Fcategories&post=15744"},{"taxonomy":"post_tag","embeddable":true,"href":"https:\/\/www.radioamigavallenar.cl\/index.php?rest_route=%2Fwp%2Fv2%2Ftags&post=15744"}],"curies":[{"name":"wp","href":"https:\/\/api.w.org\/{rel}","templated":true}]}}