{"id":15741,"date":"2019-08-21T00:00:04","date_gmt":"2019-08-21T04:00:04","guid":{"rendered":"https:\/\/www.radioamigavallenar.cl\/?p=15741"},"modified":"2019-08-20T21:55:37","modified_gmt":"2019-08-21T01:55:37","slug":"servel-llama-a-revisar-y-actualizar-datos-electorales-por-creacion-de-nuevas-circunscripciones-electorales-en-atacama","status":"publish","type":"post","link":"https:\/\/www.radioamigavallenar.cl\/?p=15741","title":{"rendered":"Servel llama a revisar y actualizar datos electorales por creaci\u00f3n de nuevas circunscripciones electorales en Atacama"},"content":{"rendered":"\n<figure class=\"wp-block-image\"><img loading=\"lazy\" decoding=\"async\" width=\"800\" height=\"684\" src=\"https:\/\/www.radioamigavallenar.cl\/wp-content\/uploads\/2019\/08\/servel-1-800x684.jpg\" alt=\"\" class=\"wp-image-15742\" srcset=\"https:\/\/www.radioamigavallenar.cl\/wp-content\/uploads\/2019\/08\/servel-1-800x684.jpg 800w, https:\/\/www.radioamigavallenar.cl\/wp-content\/uploads\/2019\/08\/servel-1-800x684-300x257.jpg 300w, https:\/\/www.radioamigavallenar.cl\/wp-content\/uploads\/2019\/08\/servel-1-800x684-768x657.jpg 768w\" sizes=\"auto, (max-width: 800px) 100vw, 800px\" \/><\/figure>\n\n\n\n<p>El Servicio Electoral&nbsp; atento a las dificultades&nbsp; que puedan presentarse a los electores&nbsp; de&nbsp; la comuna de Copiap\u00f3, respecto a su domicilio electoral, como consecuencia de la creaci\u00f3n de nuevas circunscripciones electorales, como \u201cEl Palomar\u201d, \u201cLos Volcanes\u201d y \u201cPaipote\u201d, solicita a los&nbsp; ciudadanos revisar sus datos electorales, lo que pueden efectuar v\u00eda on-line, en forma presencial en la Direcci\u00f3n Regional&nbsp; y en los puntos de atenci\u00f3n en terreno que realiza el Servicio.<\/p>\n\n\n\n<p>La Directora Regional Servel Atacama, se\u00f1ala que las nuevas circunscripciones electorales antes se\u00f1aladas, conllevan un cambio autom\u00e1tico de la inscripci\u00f3n electoral, local de votaci\u00f3n y n\u00famero de mesa receptora, por tal motivo es necesario revisar los datos electorales para corregir a tiempo los posibles&nbsp;&nbsp; desajustes, errores u omisiones&nbsp; que detecte el elector, de \u00e9sta forma estamos colaborando&nbsp; para que los ciudadanos ejerzan&nbsp;&nbsp; su derecho a sufragio, sin obst\u00e1culos, sea por falta de conectividad, de local de votaci\u00f3n en el sector, error en sus datos electorales, sentencia judicial u otro que les impidan manifestar sus preferencias en las pr\u00f3ximas elecciones de Alcalde y Concejales&nbsp; y Gobernador Regional 2020.<\/p>\n\n\n\n<p>Revisa tus datos electorales, visitando nuestra p\u00e1gina web&nbsp;<a href=\"http:\/\/www.servel.cl\/\">www.servel.cl<\/a>&nbsp; y elige el pa\u00eds que quieres.<\/p>\n","protected":false},"excerpt":{"rendered":"<p>El Servicio Electoral&nbsp; atento a las dificultades&nbsp; que puedan presentarse a los electores&nbsp; de&nbsp; la comuna de Copiap\u00f3, respecto a su domicilio electoral, como consecuencia&hellip; <\/p>\n","protected":false},"author":2,"featured_media":15742,"comment_status":"open","ping_status":"closed","sticky":false,"template":"","format":"standard","meta":{"footnotes":""},"categories":[7],"tags":[],"class_list":["post-15741","post","type-post","status-publish","format-standard","has-post-thumbnail","hentry","category-atacama"],"_links":{"self":[{"href":"https:\/\/www.radioamigavallenar.cl\/index.php?rest_route=\/wp\/v2\/posts\/15741","targetHints":{"allow":["GET"]}}],"collection":[{"href":"https:\/\/www.radioamigavallenar.cl\/index.php?rest_route=\/wp\/v2\/posts"}],"about":[{"href":"https:\/\/www.radioamigavallenar.cl\/index.php?rest_route=\/wp\/v2\/types\/post"}],"author":[{"embeddable":true,"href":"https:\/\/www.radioamigavallenar.cl\/index.php?rest_route=\/wp\/v2\/users\/2"}],"replies":[{"embeddable":true,"href":"https:\/\/www.radioamigavallenar.cl\/index.php?rest_route=%2Fwp%2Fv2%2Fcomments&post=15741"}],"version-history":[{"count":0,"href":"https:\/\/www.radioamigavallenar.cl\/index.php?rest_route=\/wp\/v2\/posts\/15741\/revisions"}],"wp:featuredmedia":[{"embeddable":true,"href":"https:\/\/www.radioamigavallenar.cl\/index.php?rest_route=\/wp\/v2\/media\/15742"}],"wp:attachment":[{"href":"https:\/\/www.radioamigavallenar.cl\/index.php?rest_route=%2Fwp%2Fv2%2Fmedia&parent=15741"}],"wp:term":[{"taxonomy":"category","embeddable":true,"href":"https:\/\/www.radioamigavallenar.cl\/index.php?rest_route=%2Fwp%2Fv2%2Fcategories&post=15741"},{"taxonomy":"post_tag","embeddable":true,"href":"https:\/\/www.radioamigavallenar.cl\/index.php?rest_route=%2Fwp%2Fv2%2Ftags&post=15741"}],"curies":[{"name":"wp","href":"https:\/\/api.w.org\/{rel}","templated":true}]}}